{"id":176383,"date":"2025-03-17T10:12:17","date_gmt":"2025-03-17T16:12:17","guid":{"rendered":"https:\/\/nvnoticias.mx\/?p=176383"},"modified":"2025-03-17T10:12:18","modified_gmt":"2025-03-17T16:12:18","slug":"ni-impunidad-ni-verdades-historicas-para-caso-teuchitlan-sheinbaum","status":"publish","type":"post","link":"https:\/\/nvnoticias.mx\/index.php\/2025\/03\/17\/ni-impunidad-ni-verdades-historicas-para-caso-teuchitlan-sheinbaum\/","title":{"rendered":"Ni impunidad ni verdades hist\u00f3ricas para caso Teuchitl\u00e1n: Sheinbaum"},"content":{"rendered":"\n<p>La presidenta Claudia Sheinbaum ofreci\u00f3 que en el caso de las instalaciones de Teuchitl\u00e1n, Jalisco, considerado por algunos como campo de exterminio, no habr\u00eda impunidad y se investigar\u00e1 hasta las \u00faltimas consecuencias. No habr\u00e1 impunidad ni se van a construir verdades hist\u00f3ricas.<\/p>\n\n\n\n<p>Durante su conferencia de prensa dijo que como parte de las acciones p\u00fablicas dijo que su gobierno va a atender puntualmente las demandas de las personas con familiares desaparecidos en Jalisco. \u201cGir\u00e9 instrucciones al gabinete de Seguridad para coadyuvar en el caso\u201d. Al mismo tiempo dijo que este mi\u00e9rcoles, la Fiscal\u00eda General de la Rep\u00fablica dar\u00e1 a conocer su informe sobre sus investigaciones con base cient\u00edfica sobre lo sucedido en Jalisco.<\/p>\n\n\n\n<p>Anunci\u00f3 que este martes acudir\u00e1 a la reuni\u00f3n del gabinete de seguridad el gobernador de Jalisco, Pablo Lemus para coordinar acciones en torno al caso de Teuchitl\u00e1n en cuanto a la atenci\u00f3n de v\u00edctimas,seguimiento del caso y dar seguimiento a una eventual coordinaci\u00f3n de acciones entre la FGR y la fiscal\u00eda General de Justicia del Estado de Jalisco.<\/p>\n\n\n\n<p>Acus\u00f3 que detr\u00e1s de las cr\u00edticas en torno a este caso, hay calderonistas hip\u00f3critas que ni siquiera conocen el caso, pero se han sumado a una campa\u00f1a. Sin embargo, Sheinbaum trat\u00f3 de deslindar la politiquer\u00eda de algunos pol\u00edticos con la demandas justas de los familiares de las v\u00edctimas. \u201cHay que quitarle la politiquer\u00eda a todo esto\u201d, por lo que es necesario deslindar&nbsp; responsabilidad de quienes son los responsables, pero la ciudadan\u00eda exige que colaboremos juntos.<\/p>\n\n\n\n<p>\u201cEl eje de nuestro gobierno est\u00e1 centrado en los derechos humanos, la construcci\u00f3n de la paz y siempre la verdad de verdad y justicia. Centrando al Consejo Nacional de Seguridad&nbsp; junto con todos los protocolos de atenci\u00f3n a las v\u00edctimas y fortalecimiento de las comisiones de b\u00fasqueda, fiscal\u00eda general&nbsp; Jalisco\u201d.<\/p>\n\n\n\n<p>Fuente: La <a href=\"https:\/\/www.jornada.com.mx\/noticia\/2025\/03\/17\/politica\/anuncia-sheinbaum-acciones-para-atender-el-tema-de-las-desapariciones\">Jornada<\/a> <\/p>\n\n\n\n<p><\/p>\n\n\n\n<p><\/p>\n","protected":false},"excerpt":{"rendered":"<p>La presidenta Claudia Sheinbaum ofreci\u00f3 que en el caso de las instalaciones de Teuchitl\u00e1n, Jalisco, considerado por algunos como campo de exterminio, no habr\u00eda impunidad y se investigar\u00e1 hasta las \u00faltimas consecuencias. No habr\u00e1 impunidad ni se van a construir verdades hist\u00f3ricas. Durante su conferencia de prensa dijo que como parte de las acciones p\u00fablicas [&hellip;]<\/p>\n","protected":false},"author":35,"featured_media":176389,"comment_status":"open","ping_status":"open","sticky":false,"template":"","format":"standard","meta":{"_monsterinsights_skip_tracking":false,"_monsterinsights_sitenote_active":false,"_monsterinsights_sitenote_note":"","_monsterinsights_sitenote_category":0,"footnotes":""},"categories":[157],"tags":[2801,925,162,31730],"class_list":["post-176383","post","type-post","status-publish","format-standard","has-post-thumbnail","hentry","category-nacional","tag-claudia-sheinbaum","tag-jalisco","tag-portada","tag-teuchitlan","wp-image-borders"],"amp_enabled":true,"_links":{"self":[{"href":"https:\/\/nvnoticias.mx\/index.php\/wp-json\/wp\/v2\/posts\/176383","targetHints":{"allow":["GET"]}}],"collection":[{"href":"https:\/\/nvnoticias.mx\/index.php\/wp-json\/wp\/v2\/posts"}],"about":[{"href":"https:\/\/nvnoticias.mx\/index.php\/wp-json\/wp\/v2\/types\/post"}],"author":[{"embeddable":true,"href":"https:\/\/nvnoticias.mx\/index.php\/wp-json\/wp\/v2\/users\/35"}],"replies":[{"embeddable":true,"href":"https:\/\/nvnoticias.mx\/index.php\/wp-json\/wp\/v2\/comments?post=176383"}],"version-history":[{"count":5,"href":"https:\/\/nvnoticias.mx\/index.php\/wp-json\/wp\/v2\/posts\/176383\/revisions"}],"predecessor-version":[{"id":176392,"href":"https:\/\/nvnoticias.mx\/index.php\/wp-json\/wp\/v2\/posts\/176383\/revisions\/176392"}],"wp:featuredmedia":[{"embeddable":true,"href":"https:\/\/nvnoticias.mx\/index.php\/wp-json\/wp\/v2\/media\/176389"}],"wp:attachment":[{"href":"https:\/\/nvnoticias.mx\/index.php\/wp-json\/wp\/v2\/media?parent=176383"}],"wp:term":[{"taxonomy":"category","embeddable":true,"href":"https:\/\/nvnoticias.mx\/index.php\/wp-json\/wp\/v2\/categories?post=176383"},{"taxonomy":"post_tag","embeddable":true,"href":"https:\/\/nvnoticias.mx\/index.php\/wp-json\/wp\/v2\/tags?post=176383"}],"curies":[{"name":"wp","href":"https:\/\/api.w.org\/{rel}","templated":true}]}}