{"id":176359,"date":"2025-03-16T08:44:00","date_gmt":"2025-03-16T14:44:00","guid":{"rendered":"https:\/\/nvnoticias.mx\/?p=176359"},"modified":"2025-03-16T02:46:27","modified_gmt":"2025-03-16T08:46:27","slug":"cancelan-estreno-de-blancanieves-tras-polemica-con-gal-gadot-y-rachel-zegler","status":"publish","type":"post","link":"https:\/\/nvnoticias.mx\/index.php\/2025\/03\/16\/cancelan-estreno-de-blancanieves-tras-polemica-con-gal-gadot-y-rachel-zegler\/","title":{"rendered":"Cancelan estreno de \u2018Blancanieves\u2019 tras pol\u00e9mica con Gal Gadot y Rachel Zegler"},"content":{"rendered":"\n<p><strong>Disney<\/strong>\u00a0tom\u00f3 la decisi\u00f3n de\u00a0<strong>cancelar la<\/strong><em><strong>\u00a0premiere<\/strong><\/em> en Hollywood de su adaptaci\u00f3n en acci\u00f3n real de\u00a0<em><strong>Blancanieves<\/strong><\/em>, originalmente programada para el<strong>21 de marzo<\/strong>\u00a0de este a\u00f1o.\u00a0<\/p>\n\n\n\n<p>Esta medida se produce en medio de una serie de controversias que involucran a las protagonistas de la pel\u00edcula,\u00a0<strong>Gal Gadot\u00a0y\u00a0Rachel Zegler<\/strong>, as\u00ed como a\u00a0cr\u00edticas relacionadas con la producci\u00f3n.<\/p>\n\n\n\n<h2 class=\"wp-block-heading\">Tensiones en el set de&nbsp;<em>Blancanieves<\/em><\/h2>\n\n\n\n<p>Durante el rodaje de&nbsp;<em><strong>Blancanieves<\/strong><\/em>, surgieron informes sobre una<strong>&nbsp;relaci\u00f3n tensa entre Gal Gadot y Rachel Zegler<\/strong>. Las diferencias pol\u00edticas y generacionales entre ambas actrices parecen haber contribuido a esta situaci\u00f3n.&nbsp;<\/p>\n\n\n\n<p><strong>Gadot<\/strong>, de 39 a\u00f1os, es una&nbsp;<strong>veterana del ej\u00e9rcito israel\u00ed&nbsp;<\/strong>y ha expresado p\u00fablicamente su apoyo a Israel.&nbsp;<\/p>\n\n\n\n<p>Por otro lado,&nbsp;<strong>Zegler<\/strong>, de 23 a\u00f1os, ha mostrado&nbsp;<strong>simpat\u00eda hacia Palestina<\/strong>, especialmente durante conflictos recientes en la regi\u00f3n.&nbsp;<\/p>\n\n\n\n<p>Estas posturas opuestas habr\u00edan generado f<strong>ricciones en el set<\/strong>, aunque fuentes cercanas a la producci\u00f3n aseguran que&nbsp;<strong>Gal Gadot<\/strong>&nbsp;mantuvo una actitud profesional y cordial durante el rodaje.<\/p>\n\n\n\n<h3 class=\"wp-block-heading\">Cr\u00edticas y reacciones del elenco a la producci\u00f3n<\/h3>\n\n\n\n<p>La producci\u00f3n tambi\u00e9n ha enfrentado cr\u00edticas por parte de actores como&nbsp;<strong>Peter Dinklage<\/strong>, quien cuestion\u00f3 la&nbsp;<strong>representaci\u00f3n de los personajes enanos&nbsp;<\/strong>en la pel\u00edcula, calific\u00e1ndola de&nbsp;<strong>\u201cretr\u00f3grada\u201d<\/strong>.&nbsp;<\/p>\n\n\n\n<p>En respuesta,&nbsp;<strong>Disney<\/strong>&nbsp;decidi\u00f3 reimaginar a estos personajes utilizando<strong>&nbsp;tecnolog\u00eda CGI&nbsp;<\/strong>para evitar estereotipos ofensivos.&nbsp;<\/p>\n\n\n\n<p>Adem\u00e1s,&nbsp;<strong>Martin Klebba<\/strong>, quien interpreta a Gru\u00f1\u00f3n en la pel\u00edcula, expres\u00f3 su preocupaci\u00f3n por la controversia que rodea al filme y&nbsp;<strong>c\u00f3mo podr\u00eda afectar su recepci\u00f3n.<\/strong><\/p>\n","protected":false},"excerpt":{"rendered":"<p>Disney\u00a0tom\u00f3 la decisi\u00f3n de\u00a0cancelar la\u00a0premiere en Hollywood de su adaptaci\u00f3n en acci\u00f3n real de\u00a0Blancanieves, originalmente programada para el21 de marzo\u00a0de este a\u00f1o.\u00a0 Esta medida se produce en medio de una serie de controversias que involucran a las protagonistas de la pel\u00edcula,\u00a0Gal Gadot\u00a0y\u00a0Rachel Zegler, as\u00ed como a\u00a0cr\u00edticas relacionadas con la producci\u00f3n. Tensiones en el set de&nbsp;Blancanieves [&hellip;]<\/p>\n","protected":false},"author":35,"featured_media":176361,"comment_status":"open","ping_status":"open","sticky":false,"template":"","format":"standard","meta":{"_monsterinsights_skip_tracking":false,"_monsterinsights_sitenote_active":false,"_monsterinsights_sitenote_note":"","_monsterinsights_sitenote_category":0,"footnotes":""},"categories":[576],"tags":[4600,5923,4599,31713],"class_list":["post-176359","post","type-post","status-publish","format-standard","has-post-thumbnail","hentry","category-ocio","tag-blanca-nieves","tag-gal-gadot","tag-rachel-zegler","tag-snow-white","wp-image-borders"],"amp_enabled":true,"_links":{"self":[{"href":"https:\/\/nvnoticias.mx\/index.php\/wp-json\/wp\/v2\/posts\/176359","targetHints":{"allow":["GET"]}}],"collection":[{"href":"https:\/\/nvnoticias.mx\/index.php\/wp-json\/wp\/v2\/posts"}],"about":[{"href":"https:\/\/nvnoticias.mx\/index.php\/wp-json\/wp\/v2\/types\/post"}],"author":[{"embeddable":true,"href":"https:\/\/nvnoticias.mx\/index.php\/wp-json\/wp\/v2\/users\/35"}],"replies":[{"embeddable":true,"href":"https:\/\/nvnoticias.mx\/index.php\/wp-json\/wp\/v2\/comments?post=176359"}],"version-history":[{"count":2,"href":"https:\/\/nvnoticias.mx\/index.php\/wp-json\/wp\/v2\/posts\/176359\/revisions"}],"predecessor-version":[{"id":176362,"href":"https:\/\/nvnoticias.mx\/index.php\/wp-json\/wp\/v2\/posts\/176359\/revisions\/176362"}],"wp:featuredmedia":[{"embeddable":true,"href":"https:\/\/nvnoticias.mx\/index.php\/wp-json\/wp\/v2\/media\/176361"}],"wp:attachment":[{"href":"https:\/\/nvnoticias.mx\/index.php\/wp-json\/wp\/v2\/media?parent=176359"}],"wp:term":[{"taxonomy":"category","embeddable":true,"href":"https:\/\/nvnoticias.mx\/index.php\/wp-json\/wp\/v2\/categories?post=176359"},{"taxonomy":"post_tag","embeddable":true,"href":"https:\/\/nvnoticias.mx\/index.php\/wp-json\/wp\/v2\/tags?post=176359"}],"curies":[{"name":"wp","href":"https:\/\/api.w.org\/{rel}","templated":true}]}}