{"id":176354,"date":"2025-03-16T08:36:00","date_gmt":"2025-03-16T14:36:00","guid":{"rendered":"https:\/\/nvnoticias.mx\/?p=176354"},"modified":"2025-03-16T02:41:53","modified_gmt":"2025-03-16T08:41:53","slug":"selena-gomez-remata-por-usd-12-su-anillo-de-mas-de-usd-3000-con-la-b-de-benny-blanco","status":"publish","type":"post","link":"https:\/\/nvnoticias.mx\/index.php\/2025\/03\/16\/selena-gomez-remata-por-usd-12-su-anillo-de-mas-de-usd-3000-con-la-b-de-benny-blanco\/","title":{"rendered":"Selena Gomez remata por USD 12 su anillo de m\u00e1s de USD 3,000 con la \u201cB\u201d de Benny Blanco"},"content":{"rendered":"\n<p><strong>Selena Gomez<\/strong>&nbsp;ha puesto a la venta su&nbsp;<strong>anillo con la letra \u201cB\u201d<\/strong>, una pieza personalizada que hab\u00eda mostrado p\u00fablicamente desde diciembre de 2023 tras confirmar su relaci\u00f3n con el productor musical&nbsp;<strong>Benny Blanco<\/strong>, inform\u00f3&nbsp;<em>People<\/em>.<\/p>\n\n\n\n<p>De acuerdo con la publicaci\u00f3n, el\u00a0<strong>anillo<\/strong>\u00a0fue dise\u00f1ado por\u00a0<strong>Jacquie Aiche<\/strong>, tiene incrustaciones de\u00a0<strong>diamantes pav\u00e9<\/strong>\u00a0con un peso total de 0.44 quilates y ten\u00eda un precio original de USD 3,250. Sin embargo, Gomez lo puso a la venta por USD 12 a trav\u00e9s de su sitio web oficial, seg\u00fan detall\u00f3\u00a0<em>People<\/em>.<\/p>\n\n\n\n<p>La venta del\u00a0<strong>anillo<\/strong>\u00a0forma parte de una serie de\u00a0<strong>art\u00edculos personales<\/strong>\u00a0que la cantante ha decidido poner en el mercado antes del lanzamiento de su pr\u00f3ximo\u00a0<strong>\u00e1lbum<\/strong>,\u00a0<em>I Said I Love You First<\/em>, el cual ha trabajado en conjunto con Blanco. En un comunicado publicado en\u00a0<strong>Instagram<\/strong>, Gomez explic\u00f3 que su decisi\u00f3n de vender algunos de sus objetos estaba relacionada con la tem\u00e1tica del\u00a0<strong>disco<\/strong>, que aborda \u201cel pasado, presente y futuro\u201d de su relaci\u00f3n con\u00a0<strong>Blanco<\/strong>.<\/p>\n\n\n\n<p><\/p>\n\n\n\n<p><\/p>\n\n\n\n<p><\/p>\n\n\n\n<p><\/p>\n\n\n\n<p><\/p>\n\n\n\n<p><\/p>\n\n\n\n<p><\/p>\n","protected":false},"excerpt":{"rendered":"<p>Selena Gomez&nbsp;ha puesto a la venta su&nbsp;anillo con la letra \u201cB\u201d, una pieza personalizada que hab\u00eda mostrado p\u00fablicamente desde diciembre de 2023 tras confirmar su relaci\u00f3n con el productor musical&nbsp;Benny Blanco, inform\u00f3&nbsp;People. De acuerdo con la publicaci\u00f3n, el\u00a0anillo\u00a0fue dise\u00f1ado por\u00a0Jacquie Aiche, tiene incrustaciones de\u00a0diamantes pav\u00e9\u00a0con un peso total de 0.44 quilates y ten\u00eda un precio [&hellip;]<\/p>\n","protected":false},"author":35,"featured_media":176358,"comment_status":"open","ping_status":"open","sticky":false,"template":"","format":"standard","meta":{"_monsterinsights_skip_tracking":false,"_monsterinsights_sitenote_active":false,"_monsterinsights_sitenote_note":"","_monsterinsights_sitenote_category":0,"footnotes":""},"categories":[576],"tags":[28600,126],"class_list":["post-176354","post","type-post","status-publish","format-standard","has-post-thumbnail","hentry","category-ocio","tag-benny-blanco","tag-selena-gomez","wp-image-borders"],"amp_enabled":true,"_links":{"self":[{"href":"https:\/\/nvnoticias.mx\/index.php\/wp-json\/wp\/v2\/posts\/176354","targetHints":{"allow":["GET"]}}],"collection":[{"href":"https:\/\/nvnoticias.mx\/index.php\/wp-json\/wp\/v2\/posts"}],"about":[{"href":"https:\/\/nvnoticias.mx\/index.php\/wp-json\/wp\/v2\/types\/post"}],"author":[{"embeddable":true,"href":"https:\/\/nvnoticias.mx\/index.php\/wp-json\/wp\/v2\/users\/35"}],"replies":[{"embeddable":true,"href":"https:\/\/nvnoticias.mx\/index.php\/wp-json\/wp\/v2\/comments?post=176354"}],"version-history":[{"count":3,"href":"https:\/\/nvnoticias.mx\/index.php\/wp-json\/wp\/v2\/posts\/176354\/revisions"}],"predecessor-version":[{"id":176357,"href":"https:\/\/nvnoticias.mx\/index.php\/wp-json\/wp\/v2\/posts\/176354\/revisions\/176357"}],"wp:featuredmedia":[{"embeddable":true,"href":"https:\/\/nvnoticias.mx\/index.php\/wp-json\/wp\/v2\/media\/176358"}],"wp:attachment":[{"href":"https:\/\/nvnoticias.mx\/index.php\/wp-json\/wp\/v2\/media?parent=176354"}],"wp:term":[{"taxonomy":"category","embeddable":true,"href":"https:\/\/nvnoticias.mx\/index.php\/wp-json\/wp\/v2\/categories?post=176354"},{"taxonomy":"post_tag","embeddable":true,"href":"https:\/\/nvnoticias.mx\/index.php\/wp-json\/wp\/v2\/tags?post=176354"}],"curies":[{"name":"wp","href":"https:\/\/api.w.org\/{rel}","templated":true}]}}