{"id":17626,"date":"2021-07-02T12:09:19","date_gmt":"2021-07-02T17:09:19","guid":{"rendered":"https:\/\/nvnoticias.mx\/?p=17626"},"modified":"2021-07-02T12:09:20","modified_gmt":"2021-07-02T17:09:20","slug":"caracoles-ponen-autobus-disposicion-padres-de-ninos-con-cancer","status":"publish","type":"post","link":"https:\/\/nvnoticias.mx\/index.php\/2021\/07\/02\/caracoles-ponen-autobus-disposicion-padres-de-ninos-con-cancer\/","title":{"rendered":"Los Caracoles ponen su autob\u00fas a disposici\u00f3n de padres de ni\u00f1os con c\u00e1ncer"},"content":{"rendered":"\n<p><strong>Jes\u00fas Utrilla \/ NV Noticias<\/strong><\/p>\n\n\n\n<p>El grupo veracruzano \u201cLos S\u00faper Caracoles\u201d dispuso de su autob\u00fas para que puedan descansar los padres de ni\u00f1os con c\u00e1ncer que mantienen la protesta afuera del Hospital Infantil de Veracruz.<\/p>\n\n\n\n<p>La unidad com\u00fanmente es utilizada por el grupo musical para desplazarse a sus eventos, al tener numerosos elementos, el cami\u00f3n fue habilitado con 12 camas, sala comedor, aire acondicionado, ba\u00f1o, entre otros.<\/p>\n\n\n\n<p>Dicha unidad fue prestada a los manifestantes para que tengan donde descansar.<\/p>\n\n\n\n<p>Y es que se trata de familiares de menores enfermos que desde hace d\u00edas comenzaron un plant\u00f3n afuera del nosocomio para exigir que los doten de los medicamentos correspondientes.<\/p>\n\n\n\n<p><strong>Los integrantes del grupo musical arribaron la noche del jueves hasta el bloqueo para ofrecer ayuda a los manifestantes.<\/strong><\/p>\n\n\n\n<p>Cabe recordar que los padres de familia endurecieron su protesta ante la desesperaci\u00f3n de la falta de tratamiento de sus hijos y es que las quimioterapias son realizadas pero no con todos los medicamentos.<\/p>\n\n\n\n<p>El grupo de inconformes d\u00edas previos efectu\u00f3 pronunciamientos, el sector salud se comprometi\u00f3 a que el s\u00e1bado pasado entregar\u00eda los f\u00e1rmacos faltantes, sin embargo, no fue as\u00ed, por lo que decidieron instalar un plant\u00f3n por tiempo indefinido afuera del Hospital Infantil de Veracruz.<\/p>\n","protected":false},"excerpt":{"rendered":"<p>Jes\u00fas Utrilla \/ NV Noticias El grupo veracruzano \u201cLos S\u00faper Caracoles\u201d dispuso de su autob\u00fas para que puedan descansar los padres de ni\u00f1os con c\u00e1ncer que mantienen la protesta afuera del Hospital Infantil de Veracruz. La unidad com\u00fanmente es utilizada por el grupo musical para desplazarse a sus eventos, al tener numerosos elementos, el cami\u00f3n [&hellip;]<\/p>\n","protected":false},"author":6,"featured_media":17628,"comment_status":"open","ping_status":"open","sticky":false,"template":"","format":"standard","meta":{"_monsterinsights_skip_tracking":false,"_monsterinsights_sitenote_active":false,"_monsterinsights_sitenote_note":"","_monsterinsights_sitenote_category":0,"footnotes":""},"categories":[154],"tags":[4768,4712,162],"class_list":["post-17626","post","type-post","status-publish","format-standard","has-post-thumbnail","hentry","category-veracruz","tag-los-caracoles","tag-ninos-con-cancer","tag-portada","wp-image-borders"],"amp_enabled":true,"_links":{"self":[{"href":"https:\/\/nvnoticias.mx\/index.php\/wp-json\/wp\/v2\/posts\/17626","targetHints":{"allow":["GET"]}}],"collection":[{"href":"https:\/\/nvnoticias.mx\/index.php\/wp-json\/wp\/v2\/posts"}],"about":[{"href":"https:\/\/nvnoticias.mx\/index.php\/wp-json\/wp\/v2\/types\/post"}],"author":[{"embeddable":true,"href":"https:\/\/nvnoticias.mx\/index.php\/wp-json\/wp\/v2\/users\/6"}],"replies":[{"embeddable":true,"href":"https:\/\/nvnoticias.mx\/index.php\/wp-json\/wp\/v2\/comments?post=17626"}],"version-history":[{"count":1,"href":"https:\/\/nvnoticias.mx\/index.php\/wp-json\/wp\/v2\/posts\/17626\/revisions"}],"predecessor-version":[{"id":17627,"href":"https:\/\/nvnoticias.mx\/index.php\/wp-json\/wp\/v2\/posts\/17626\/revisions\/17627"}],"wp:featuredmedia":[{"embeddable":true,"href":"https:\/\/nvnoticias.mx\/index.php\/wp-json\/wp\/v2\/media\/17628"}],"wp:attachment":[{"href":"https:\/\/nvnoticias.mx\/index.php\/wp-json\/wp\/v2\/media?parent=17626"}],"wp:term":[{"taxonomy":"category","embeddable":true,"href":"https:\/\/nvnoticias.mx\/index.php\/wp-json\/wp\/v2\/categories?post=17626"},{"taxonomy":"post_tag","embeddable":true,"href":"https:\/\/nvnoticias.mx\/index.php\/wp-json\/wp\/v2\/tags?post=17626"}],"curies":[{"name":"wp","href":"https:\/\/api.w.org\/{rel}","templated":true}]}}