{"id":176196,"date":"2025-03-15T08:02:00","date_gmt":"2025-03-15T14:02:00","guid":{"rendered":"https:\/\/nvnoticias.mx\/?p=176196"},"modified":"2025-03-15T02:05:14","modified_gmt":"2025-03-15T08:05:14","slug":"claudia-sheinbaum-resalta-avance-de-paridad-de-genero-en-mexico","status":"publish","type":"post","link":"https:\/\/nvnoticias.mx\/index.php\/2025\/03\/15\/claudia-sheinbaum-resalta-avance-de-paridad-de-genero-en-mexico\/","title":{"rendered":"Claudia Sheinbaum resalta avance de paridad de g\u00e9nero en M\u00e9xico"},"content":{"rendered":"\n<p>Al inaugurar los trabajos de la Conferencia Mundial de Mujeres Parlamentarias de la Uni\u00f3n Interparlamentaria, la presidenta Claudia Sheinbuam Pardo, resalt\u00f3 el avance de la paridad de g\u00e9nero en el pa\u00eds y dijo que en septiembre tambi\u00e9n llegar\u00e1 al Poder Judicial, tras las elecciones de jueces, ministros y magistrados en junio pr\u00f3ximo.<\/p>\n\n\n\n<blockquote class=\"wp-block-quote is-layout-flow wp-block-quote-is-layout-flow\">\n<p>\u201cSomos el primer pa\u00eds que va a elegir a todo el Poder Judicial por voto popular y en la reforma se estableci\u00f3 que de los nueve integrantes de la Suprema Corte de Justicia de la Naci\u00f3n, cinco ser\u00e1n mujeres\u201d, expuso.<\/p>\n<\/blockquote>\n\n\n\n<p>Subray\u00f3 que hoy hay 13 gobernadoras de 31, m\u00e1s la jefa de Gobierno de la Ciudad de M\u00e9xico, Clara Brugada, y resalt\u00f3 que los partidos pol\u00edticos est\u00e1n obligados, por ley, a postular a igual n\u00famero de mujeres para este tipo de puestos.<\/p>\n\n\n\n<p>Reconoci\u00f3 que \u201cnos falta todav\u00eda un poco tambi\u00e9n en las presidencias municipales\u201d, donde \u201csomos una tercera parte\u201d.<\/p>\n\n\n\n<p>En la revoluci\u00f3n de las conciencias, sostuvo, \u201chemos encontrado todas nosotras una herramienta profundamente potente para transformar la realidad que nos aleja del inmovilismo y del conservadurismo, y nos acerca siempre a la igualdad\u201d.<\/p>\n\n\n\n<p>La mandataria record\u00f3 que cuando asumi\u00f3 el poder, asegur\u00f3 que a la Presidencia \u201cllegamos todas\u201d. No olvidamos, dijo, que \u201cla lucha de las mujeres es parte necesaria tambi\u00e9n de la laucha por los derechos y la justicia\u201d.<\/p>\n\n\n\n<p>Tambi\u00e9n destac\u00f3 la iniciativa de reforma constitucional para elevar al m\u00e1s alto rango en M\u00e9xico la igualdad sustantiva, \u201cel derecho a una vida libre de violencia y a trabajo igual, salario igual\u201d.<\/p>\n\n\n\n<p>Mencion\u00f3 asimismo, que se repartir\u00e1n millones de cartillas de los derechos de las mujeres por todo el pa\u00eds y ser\u00e1 acompa\u00f1ado de una red de mujeres voluntarias.<\/p>\n\n\n\n<p>\u201cDesde aqu\u00ed decimos al mundo que es tiempo de mujeres; desde aqu\u00ed celebramos este esfuerzo en favor de la participaci\u00f3n pol\u00edtica igualitaria para las mujeres de todos los rincones del mundo. Somos mujeres construyendo paz, igualdad y fraternidad universal. Somos mujeres construyendo igualdad y justicia. Es tiempo de mujeres porque cuando llega una ,llegamos todas\u201d, resalt\u00f3.<\/p>\n\n\n\n<p>En el Sal\u00f3n Tesorer\u00eda de Palacio Nacional, Clara Brugada resalt\u00f3 que en Sheinbaum Pardo \u201ctenemos una mujer presidenta comprometida con la lucha y las causas de las mujeres\u2026 Hay mucho que mostrar de lo que hoy nuestra presidenta hizo en la Ciudad de M\u00e9xico y en el pa\u00eds\u201d.<br>Resalt\u00f3 la \u201cgran reforma constitucional que propuso la presidenta, que garantiza la igualdad sustantiva de las mujeres mexicanas, y la garant\u00eda constitucional de una vida libre de violencias\u201d.<\/p>\n\n\n\n<p>Nos hemos propuesto \u201cconstruir una ciudad feminista y de cuidados, que reconozca a las mujres y el trabajo hist\u00f3rico. Lleg\u00f3 la hora de hacer justicia a las mujeres\u201d, sostuvo.<\/p>\n\n\n\n<p>Cinthya L\u00f3pez, organizadora del encuentro denominado \u201cM\u00e9xico movilizando al mundo por la paridad\u201d, en el que participan 350 mujeres parlamentarias de 62 pa\u00edses, resalt\u00f3 que \u201cM\u00e9xico es un orgullo para el mundo\u2026 Es Usted (le dijo a la mandataria) una de las 18 jefas de Estado a nivel mundial. Le doy las gracias por su confianza\u201d.&nbsp;<\/p>\n\n\n\n<p>La ex pri\u00edsta se\u00f1al\u00f3: \u201cnos sentimos muy orgullosas de nuestra presidenta, ha sido una lucha hist\u00f3rica desde que las mujeres llegamos a la Presidencia. Nos llena de orgullo y se nos pone la piel chinita, cada vez que la vemos trabajando por nuestro pa\u00eds. Eres un orgullo para M\u00e9xico y para el mundo\u201d.<\/p>\n\n\n\n<p>Tulia Ackson, presidenta de la Uni\u00f3n Interparlamentaria y presidenta de la Asamblea Nacional de la Rep\u00fablica Unida de Tanzania, resalt\u00f3 que realizar la conferencia de mujeres parlamentarias en M\u00e9xico demuestra al mundo que \u201cla paridad no solo es posible, sino que tambi\u00e9n transforma\u201d.<\/p>\n\n\n\n<p>Fuente: La <a href=\"https:\/\/www.jornada.com.mx\/noticia\/2025\/03\/14\/politica\/claudia-sheinbaum-resalta-avance-de-paridad-de-genero-en-mexico\">Jornada<\/a><\/p>\n\n\n\n<p><\/p>\n\n\n\n<p><\/p>\n\n\n\n<p><\/p>\n\n\n\n<p><\/p>\n\n\n\n<p><\/p>\n\n\n\n<p><\/p>\n\n\n\n<p><\/p>\n","protected":false},"excerpt":{"rendered":"<p>Al inaugurar los trabajos de la Conferencia Mundial de Mujeres Parlamentarias de la Uni\u00f3n Interparlamentaria, la presidenta Claudia Sheinbuam Pardo, resalt\u00f3 el avance de la paridad de g\u00e9nero en el pa\u00eds y dijo que en septiembre tambi\u00e9n llegar\u00e1 al Poder Judicial, tras las elecciones de jueces, ministros y magistrados en junio pr\u00f3ximo. \u201cSomos el primer [&hellip;]<\/p>\n","protected":false},"author":35,"featured_media":176197,"comment_status":"open","ping_status":"open","sticky":false,"template":"","format":"standard","meta":{"_monsterinsights_skip_tracking":false,"_monsterinsights_sitenote_active":false,"_monsterinsights_sitenote_note":"","_monsterinsights_sitenote_category":0,"footnotes":""},"categories":[157],"tags":[2801,5866],"class_list":["post-176196","post","type-post","status-publish","format-standard","has-post-thumbnail","hentry","category-nacional","tag-claudia-sheinbaum","tag-paridad-de-genero","wp-image-borders"],"amp_enabled":true,"_links":{"self":[{"href":"https:\/\/nvnoticias.mx\/index.php\/wp-json\/wp\/v2\/posts\/176196","targetHints":{"allow":["GET"]}}],"collection":[{"href":"https:\/\/nvnoticias.mx\/index.php\/wp-json\/wp\/v2\/posts"}],"about":[{"href":"https:\/\/nvnoticias.mx\/index.php\/wp-json\/wp\/v2\/types\/post"}],"author":[{"embeddable":true,"href":"https:\/\/nvnoticias.mx\/index.php\/wp-json\/wp\/v2\/users\/35"}],"replies":[{"embeddable":true,"href":"https:\/\/nvnoticias.mx\/index.php\/wp-json\/wp\/v2\/comments?post=176196"}],"version-history":[{"count":5,"href":"https:\/\/nvnoticias.mx\/index.php\/wp-json\/wp\/v2\/posts\/176196\/revisions"}],"predecessor-version":[{"id":176202,"href":"https:\/\/nvnoticias.mx\/index.php\/wp-json\/wp\/v2\/posts\/176196\/revisions\/176202"}],"wp:featuredmedia":[{"embeddable":true,"href":"https:\/\/nvnoticias.mx\/index.php\/wp-json\/wp\/v2\/media\/176197"}],"wp:attachment":[{"href":"https:\/\/nvnoticias.mx\/index.php\/wp-json\/wp\/v2\/media?parent=176196"}],"wp:term":[{"taxonomy":"category","embeddable":true,"href":"https:\/\/nvnoticias.mx\/index.php\/wp-json\/wp\/v2\/categories?post=176196"},{"taxonomy":"post_tag","embeddable":true,"href":"https:\/\/nvnoticias.mx\/index.php\/wp-json\/wp\/v2\/tags?post=176196"}],"curies":[{"name":"wp","href":"https:\/\/api.w.org\/{rel}","templated":true}]}}