{"id":176133,"date":"2025-03-14T11:44:32","date_gmt":"2025-03-14T17:44:32","guid":{"rendered":"https:\/\/nvnoticias.mx\/?p=176133"},"modified":"2025-03-14T11:44:33","modified_gmt":"2025-03-14T17:44:33","slug":"disney-revela-el-primer-avance-de-un-viernes-de-locos-2","status":"publish","type":"post","link":"https:\/\/nvnoticias.mx\/index.php\/2025\/03\/14\/disney-revela-el-primer-avance-de-un-viernes-de-locos-2\/","title":{"rendered":"Disney revela el primer avance de \u201cUn Viernes de Locos 2\u201d"},"content":{"rendered":"\n<p>El d\u00eda de hoy se acaba de revelar el primer avance de esta secuela en donde se puede ver el regreso de las actrices en sus ic\u00f3nicos personajes de Anna y Tess Coleman tras 22 a\u00f1os de espera.<\/p>\n\n\n\n<p>En 2003 se estrenaba Un viernes de locos, una pel\u00edcula protagonizada por Lindsay Lohan y Jamie Lee Curtis, que nos presentaba la turbulenta relaci\u00f3n entre una madre y su hija. Un inesperado giro del destino las hace intercambiar cuerpos, oblig\u00e1ndolas a vivir un d\u00eda entero en la piel de la otra.<\/p>\n\n\n\n<p>La pel\u00edcula estar\u00e1 disponible en cines el pr\u00f3ximo 7 de agosto.<\/p>\n\n\n\n<p>Jamie Lee Curtis est\u00e1 a punto de ver cumplido uno de sus deseos cinematogr\u00e1ficos m\u00e1s inusuales: interpretar a una &#8220;abuela sexy&#8221; en la secuela de una querida comedia familiar. Seg\u00fan un anuncio reciente de casting compartido por CAPE, Curtis, famosa por sus roles en pel\u00edculas de terror y comedias, parece estar list\u00edsima para asumir este nuevo desaf\u00edo en su carrera.<\/p>\n\n\n\n<p>La historia se centra en la continuaci\u00f3n de la vida de Anna Coleman, el personaje interpretado por Lindsay Lohan en la pel\u00edcula original. En esta nueva entrega, la atenci\u00f3n se centra en la hija de Anna, Harper, una adolescente de 14 a\u00f1os que se encuentra en medio de una situaci\u00f3n complicada: tratando de evitar que su madre soltera se case con un restaurador brit\u00e1nico llamado Eric Davies.<\/p>\n\n\n\n<p><\/p>\n\n\n\n<p><\/p>\n\n\n\n<p><\/p>\n\n\n\n<p><\/p>\n","protected":false},"excerpt":{"rendered":"<p>El d\u00eda de hoy se acaba de revelar el primer avance de esta secuela en donde se puede ver el regreso de las actrices en sus ic\u00f3nicos personajes de Anna y Tess Coleman tras 22 a\u00f1os de espera. En 2003 se estrenaba Un viernes de locos, una pel\u00edcula protagonizada por Lindsay Lohan y Jamie Lee [&hellip;]<\/p>\n","protected":false},"author":35,"featured_media":176134,"comment_status":"open","ping_status":"open","sticky":false,"template":"","format":"standard","meta":{"_monsterinsights_skip_tracking":false,"_monsterinsights_sitenote_active":false,"_monsterinsights_sitenote_note":"","_monsterinsights_sitenote_category":0,"footnotes":""},"categories":[576],"tags":[1488,31734],"class_list":["post-176133","post","type-post","status-publish","format-standard","has-post-thumbnail","hentry","category-ocio","tag-disney","tag-un-viernes-de-locos-2","wp-image-borders"],"amp_enabled":true,"_links":{"self":[{"href":"https:\/\/nvnoticias.mx\/index.php\/wp-json\/wp\/v2\/posts\/176133","targetHints":{"allow":["GET"]}}],"collection":[{"href":"https:\/\/nvnoticias.mx\/index.php\/wp-json\/wp\/v2\/posts"}],"about":[{"href":"https:\/\/nvnoticias.mx\/index.php\/wp-json\/wp\/v2\/types\/post"}],"author":[{"embeddable":true,"href":"https:\/\/nvnoticias.mx\/index.php\/wp-json\/wp\/v2\/users\/35"}],"replies":[{"embeddable":true,"href":"https:\/\/nvnoticias.mx\/index.php\/wp-json\/wp\/v2\/comments?post=176133"}],"version-history":[{"count":4,"href":"https:\/\/nvnoticias.mx\/index.php\/wp-json\/wp\/v2\/posts\/176133\/revisions"}],"predecessor-version":[{"id":176138,"href":"https:\/\/nvnoticias.mx\/index.php\/wp-json\/wp\/v2\/posts\/176133\/revisions\/176138"}],"wp:featuredmedia":[{"embeddable":true,"href":"https:\/\/nvnoticias.mx\/index.php\/wp-json\/wp\/v2\/media\/176134"}],"wp:attachment":[{"href":"https:\/\/nvnoticias.mx\/index.php\/wp-json\/wp\/v2\/media?parent=176133"}],"wp:term":[{"taxonomy":"category","embeddable":true,"href":"https:\/\/nvnoticias.mx\/index.php\/wp-json\/wp\/v2\/categories?post=176133"},{"taxonomy":"post_tag","embeddable":true,"href":"https:\/\/nvnoticias.mx\/index.php\/wp-json\/wp\/v2\/tags?post=176133"}],"curies":[{"name":"wp","href":"https:\/\/api.w.org\/{rel}","templated":true}]}}