{"id":176079,"date":"2025-03-14T10:10:17","date_gmt":"2025-03-14T16:10:17","guid":{"rendered":"https:\/\/nvnoticias.mx\/?p=176079"},"modified":"2025-03-14T10:10:19","modified_gmt":"2025-03-14T16:10:19","slug":"la-proxima-semana-gertz-manero-informara-sobre-caso-teuchitlan-sheinbaum","status":"publish","type":"post","link":"https:\/\/nvnoticias.mx\/index.php\/2025\/03\/14\/la-proxima-semana-gertz-manero-informara-sobre-caso-teuchitlan-sheinbaum\/","title":{"rendered":"La pr\u00f3xima semana Gertz Manero informar\u00e1 sobre caso Teuchitl\u00e1n: Sheinbaum"},"content":{"rendered":"\n<p>Ante las \u201cespeculaciones\u201d en torno al rancho Izaguirre, ubicado en Teuchitl\u00e1n, Jalisco, la presidenta Claudia Sheinbaum Pardo inform\u00f3 que la siguiente semana el fiscal general de la Rep\u00fablica, Alejandro Gertz Manero, informar\u00e1 sobre lo que hay en el inmueble y \u201cque se d\u00e9 la informaci\u00f3n basada en evidencia cient\u00edfica y transparencia\u201d, dijo.<\/p>\n\n\n\n<p>Insisti\u00f3 que es falso que haya m\u00e1s desaparecidos que homicidios estos d\u00edas. \u201cSobre el caso Jalisco, la semana que entra se va a dar toda la informaci\u00f3n, le ped\u00ed al fiscal, y ya que se haga la investigaci\u00f3n y el deslinde de responsabilidades, desde septiembre cuando se encuentra ah\u00ed a personas, se les detiene, hasta la fecha, que entra este grupo de colectivo de buscadores. Qu\u00e9 pas\u00f3 en ese periodo y qu\u00e9 hay en ese predio, basado en evidencia cient\u00edfica\u201d.<\/p>\n\n\n\n<p>Subray\u00f3 que \u201cya est\u00e1 haciendo la investigaci\u00f3n la fiscal\u00eda, yo dije ayer: primero la informaci\u00f3n, porque lean hoy a todos los coment\u00f3cratas y no estoy minimizando, para que no se malentienda el tema de apoyar a los familiares de personas desaparecidas. Nosotros siempre vamos a estar cerca de las v\u00edctimas\u201d.<\/p>\n\n\n\n<p>Me estoy refiriendo, dijo, a este caso en particular, \u201cdonde hablan de qui\u00e9n sabe cu\u00e1nta cosa que hay en el predio, a partir de una fotograf\u00eda y de algunos testimonios.<\/p>\n\n\n\n<p>\u201cAh, pero ya todos\u2026 ya otra vez, ayer vi \u2018<em>narcopresidente AMLO\u2019<\/em>, ya d\u00e9jenlo en paz. Otra vez contra el presidente L\u00f3pez Obrador, cuando adem\u00e1s quien ten\u00eda resguardado el predio era la fiscal\u00eda estatal\u201d.<\/p>\n\n\n\n<p>Pero \u201cm\u00e1s all\u00e1 de eso, esp\u00e9rense a la informaci\u00f3n. Ayer estuvo ah\u00ed la Comisi\u00f3n de B\u00fasqueda de la Secretar\u00eda de Gobernaci\u00f3n; ya entr\u00f3 la Fiscal\u00eda General de la Rep\u00fablica en coordinaci\u00f3n con la fiscal\u00eda estatal y le ped\u00ed al fiscal que la pr\u00f3xima semana venga aqu\u00ed a la ma\u00f1anera a informar qu\u00e9 es lo que encontraron ah\u00ed\u201d.<\/p>\n\n\n\n<p>Porque eso s\u00ed, \u201ca la oposici\u00f3n ya les olvid\u00f3 (Genaro) Garc\u00eda Luna (detenido en Estados Unidos por sus v\u00ednculos con el crimen organizado), la guerra contra el narco, ya se les olvid\u00f3 Felipe Calder\u00f3n\u201d.<\/p>\n\n\n\n<p>Insisti\u00f3 que \u201cel \u00fanico detenido de un gobierno, funcionario p\u00fablico, es Garc\u00eda Luna. Ah, pero eso s\u00ed, ya todos\u2026 esp\u00e9rense a la informaci\u00f3n, qu\u00e9 hay en el lugar, el deslinde de responsabilidades\u201d.<\/p>\n\n\n\n<p>Critic\u00f3 que antier en Tamaulipas -tambi\u00e9n se habl\u00f3 de un campo de exterminio- cuando era \u201cun crematorio oficial, reconocido, con permiso\u201d.<\/p>\n\n\n\n<p>Pidi\u00f3 al gabinete de seguridad que \u201cpudieran tener un informe (sobre esto) para el lunes, pero repito: nuestra solidaridad siempre con las v\u00edctimas de familiares desaparecidos y el trabajo que estamos haciendo para poder apoyar en la b\u00fasqueda\u201d.<\/p>\n\n\n\n<p>Al mismo tiempo, \u201cque este delito tan terrible disminuya. Cosa que tambi\u00e9n es falsa, es mentira, que haya m\u00e1s desaparecidos que homicidios en estos d\u00edas\u201d.<\/p>\n\n\n\n<p>\u201cEso s\u00ed, a la oposici\u00f3n ya se le olvid\u00f3 (Genaro) Garc\u00eda Luna (preso en Estados Unidos por su nexos contra el narcotr\u00e1fico), la guerra contra el narco, ya se les olvid\u00f3 Felipe Calder\u00f3n\u201d.<\/p>\n\n\n\n<p>\u201cNo estoy minimizando, para que no se malentienda el tema de apoyar a los familiares de personas desaparecidas. Nosotros siempre vamos a estar cerca de las v\u00edctimas\u201d.<\/p>\n\n\n\n<p>A los colectivos de buscadores les dijo que Gobernaci\u00f3n y la Comisi\u00f3n de B\u00fasqueda apoyan en todo lo que se requiera \u201cy la transparencia de la informaci\u00f3n.<\/p>\n\n\n\n<p>\u201cFijense, cuantos d\u00edas llevamos con un tema donde ya hay todas las especulaciones y campo de exterminio; que se d\u00e9 la informaci\u00f3n basada en evidencia cient\u00edfica y transparencia.<\/p>\n\n\n\n<p>La mandataria indic\u00f3 que el secretario de Seguridad y Protecci\u00f3n Ciudadana, Omar Garc\u00eda Harfuch, ha hablado con el gobernador de Jalisco, Pablo Lemus, pero \u201cnuestro inter\u00e9s no es pol\u00edtico, en este caso, tiene que ver con la verdad y la justicia\u201d.<\/p>\n\n\n\n<p>Fuente: La <a href=\"https:\/\/www.jornada.com.mx\/noticia\/2025\/03\/14\/politica\/la-proxima-semana-gertz-manero-informara-sobre-caso-teuchitlan-sheinbaum\">Jornada<\/a><\/p>\n\n\n\n<p><br><\/p>\n\n\n\n<p><\/p>\n\n\n\n<p><\/p>\n","protected":false},"excerpt":{"rendered":"<p>Ante las \u201cespeculaciones\u201d en torno al rancho Izaguirre, ubicado en Teuchitl\u00e1n, Jalisco, la presidenta Claudia Sheinbaum Pardo inform\u00f3 que la siguiente semana el fiscal general de la Rep\u00fablica, Alejandro Gertz Manero, informar\u00e1 sobre lo que hay en el inmueble y \u201cque se d\u00e9 la informaci\u00f3n basada en evidencia cient\u00edfica y transparencia\u201d, dijo. Insisti\u00f3 que es [&hellip;]<\/p>\n","protected":false},"author":35,"featured_media":176081,"comment_status":"open","ping_status":"open","sticky":false,"template":"","format":"standard","meta":{"_monsterinsights_skip_tracking":false,"_monsterinsights_sitenote_active":false,"_monsterinsights_sitenote_note":"","_monsterinsights_sitenote_category":0,"footnotes":""},"categories":[157],"tags":[5853,2801,925,162,31730],"class_list":["post-176079","post","type-post","status-publish","format-standard","has-post-thumbnail","hentry","category-nacional","tag-alejandro-gertz-manero","tag-claudia-sheinbaum","tag-jalisco","tag-portada","tag-teuchitlan","wp-image-borders"],"amp_enabled":true,"_links":{"self":[{"href":"https:\/\/nvnoticias.mx\/index.php\/wp-json\/wp\/v2\/posts\/176079","targetHints":{"allow":["GET"]}}],"collection":[{"href":"https:\/\/nvnoticias.mx\/index.php\/wp-json\/wp\/v2\/posts"}],"about":[{"href":"https:\/\/nvnoticias.mx\/index.php\/wp-json\/wp\/v2\/types\/post"}],"author":[{"embeddable":true,"href":"https:\/\/nvnoticias.mx\/index.php\/wp-json\/wp\/v2\/users\/35"}],"replies":[{"embeddable":true,"href":"https:\/\/nvnoticias.mx\/index.php\/wp-json\/wp\/v2\/comments?post=176079"}],"version-history":[{"count":4,"href":"https:\/\/nvnoticias.mx\/index.php\/wp-json\/wp\/v2\/posts\/176079\/revisions"}],"predecessor-version":[{"id":176084,"href":"https:\/\/nvnoticias.mx\/index.php\/wp-json\/wp\/v2\/posts\/176079\/revisions\/176084"}],"wp:featuredmedia":[{"embeddable":true,"href":"https:\/\/nvnoticias.mx\/index.php\/wp-json\/wp\/v2\/media\/176081"}],"wp:attachment":[{"href":"https:\/\/nvnoticias.mx\/index.php\/wp-json\/wp\/v2\/media?parent=176079"}],"wp:term":[{"taxonomy":"category","embeddable":true,"href":"https:\/\/nvnoticias.mx\/index.php\/wp-json\/wp\/v2\/categories?post=176079"},{"taxonomy":"post_tag","embeddable":true,"href":"https:\/\/nvnoticias.mx\/index.php\/wp-json\/wp\/v2\/tags?post=176079"}],"curies":[{"name":"wp","href":"https:\/\/api.w.org\/{rel}","templated":true}]}}