{"id":175752,"date":"2025-03-11T10:41:21","date_gmt":"2025-03-11T16:41:21","guid":{"rendered":"https:\/\/nvnoticias.mx\/?p=175752"},"modified":"2025-03-11T10:41:22","modified_gmt":"2025-03-11T16:41:22","slug":"las-guerras-de-nahle","status":"publish","type":"post","link":"https:\/\/nvnoticias.mx\/index.php\/2025\/03\/11\/las-guerras-de-nahle\/","title":{"rendered":"Las \u201cguerras\u201d de Nahle"},"content":{"rendered":"\n<p><strong>Ricardo Chua<\/strong><\/p>\n\n\n\n<p>La gobernadora de Veracruz, Roc\u00edo Nahle, ya abri\u00f3 un nuevo frente contra un medio de comunicaci\u00f3n nacional como es el Peri\u00f3dico &#8220;Reforma&#8221; y, al parecer, un grupo pol\u00edtico al interior de MORENA, que todo indica que presuntamente lo liderea el senador y l\u00edder de la Junta de Coordinaci\u00f3n Pol\u00edtica del Senado, Ad\u00e1n Augusto L\u00f3pez Hern\u00e1ndez.. Con quien recientemente mantuvo un desencuentro pol\u00edtico por el tema de la afiliaci\u00f3n a MORENA del senador Miguel \u00c1ngel Yunes M\u00e1rquez.. La mandataria estatal, ya se &#8220;subi\u00f3 a ese tren&#8221; y eso es un ERROR POL\u00cdTICO..<\/p>\n\n\n\n<p>Hace m\u00e1s de 2 mil 500 a\u00f1os.. El fil\u00f3sofo, estratega militar y general chino, Sun Tz\u00fa, escribi\u00f3 el libro: &#8220;El Arte de la Guerra&#8221;.. Considerado el libro de cabecera de los pol\u00edticos y uno de los mejores tratados de ciencia pol\u00edtica en la historia de la humanidad.. Y en ese ensayo se se\u00f1ala: &#8220;Que la m\u00e1xima habilidad para vencer al enemigo, es hacerlo sin tener que pelear con \u00e9l, ya que para triunfar en cualquier tipo de lucha, hay que usar el enga\u00f1o&#8221;.. Y pareciera que Roc\u00edo Nahle hace todo lo contrario.. Y en eso, Ad\u00e1n Augusto le lleva un paso adelante.. \u00c9l no se desgasta, ella si..<\/p>\n\n\n\n<p>Adem\u00e1s parece que en Veracruz a Roc\u00edo Nahle.. Nadie la defiende dentro de MORENA.. Ella es la que tiene que dar la cara.. No hay pol\u00edtico que la &#8220;saque&#8221; por ella para luchar contra esos &#8220;tabasque\u00f1os&#8221; que no la sueltan.. M\u00e1s con la informaci\u00f3n que presuntamente est\u00e1n presentando en su contra medi\u00e1ticamente.. De su paso por la Secretar\u00eda de Energ\u00eda y de la obra que tuvo a su cargo en el sexenio pasado que fue la Refiner\u00eda &#8220;Dos Bocas&#8221;.. Presuntamente sus adversarios encuentran argumentos para atacar y sus defensores no son tomados en cuenta en CDMX.. NO HAY NIVEL..<\/p>\n\n\n\n<p>Esto se se\u00f1ala como un error de c\u00e1lculo de la gobernadora.. Ya que en los se\u00f1alamientos que hace en redes sociales, ella no dice directamente qui\u00e9n es el que la se\u00f1ala.. Y por eso al subirse al &#8220;tren&#8221; y hacer un se\u00f1alamiento p\u00fablico, simplemente SE BAJ\u00d3 de nivel de quienes la &#8220;golpean&#8221;.. La mejor estrategia, que no le recomendaron sus asesores pol\u00edticos, era IGNORAR o MANDAR a otros a defenderla.. Es lo que debi\u00f3 hacer.. Pero ella se enfrent\u00f3 de manera directa y ya el tema se hizo viral.. Y los se\u00f1alamientos crecieron y abarc\u00f3 m\u00e1s &#8220;cancha&#8221; de lo necesario.. Ahora tendr\u00e1 que enfrentarlo y aclararlo..<\/p>\n\n\n\n<p>Por eso, los que saben de ciencia y estrategia pol\u00edtica.. Se dan cuenta que la gobernadora no tiene un pol\u00edtico de nivel que la pueda defender.. Ella es muy cercana a la Presidenta, Claudia Shienbaum.. Pero ahorita la mandataria nacional tiene otros problemas m\u00e1s graves en su agenda p\u00fablica.. Que ponerse a defender a gobernadores aliados o cercanos.. Hace 20 a\u00f1os esa t\u00e1ctica la ocup\u00f3 el ex gobernador, Fidel Herrera cuando el entonces alcalde de Boca del R\u00edo, Miguel \u00c1ngel Yunes M\u00e1rquez, lo retaba a debates.. Fidel lo ignor\u00f3, no le contest\u00f3 y nunca lo subi\u00f3 a su nivel.. Y no pas\u00f3 de ah\u00ed..<\/p>\n\n\n\n<p>Pero ahora este pleito iniciado ayer.. Muchos personajes del &#8220;C\u00edrculo Rojo&#8221; de Veracruz se\u00f1alan en caf\u00e9s pol\u00edticos.. Que este asunto de El Reforma tambi\u00e9n sale porque ya se ADELANT\u00d3 la sucesi\u00f3n del 2030 en Veracruz dentro del movimiento de la 4T.. Y que en este tema ya est\u00e1n &#8220;montados&#8221;.. Los senadores Manuel Huerta Ladr\u00f3n de Guevara y Miguel \u00c1ngel Yunes M\u00e1rquez.. Y los diputados federales: Sergio Guti\u00e9rrez Luna y Javier Herrera Borunda.. Todos ellos a lo mejor no dentro de MORENA, pero si dentro de la 4T.. De la cual ya son parte del mismo movimiento..<\/p>\n\n\n\n<p>Una situaci\u00f3n complicada para la gobernadora porque su agenda se desv\u00eda.. Ya que ella debe estar metida en temas de su administraci\u00f3n.. Ya que no te puedes estar confrontando pol\u00edticamente cuando est\u00e1s gobernando.. Ah\u00ed es claro que haces una cosa o haces la otra.. Pero no ambas porque una de la otra, simplemente te distrae.. Y su agenda p\u00fablica as\u00ed la trae, distra\u00edda.. Nahle Garc\u00eda debe recordar que pas\u00f3 con el ex gobernador, Miguel \u00c1ngel Yunes Linares, en los dos a\u00f1os que fue mandatario (2016-2018).. \u00c9l por una causa u otra abri\u00f3 muchos frentes con grupos pol\u00edticos y partidos..<\/p>\n\n\n\n<p>El resultado de esas confrontaciones de Yunes Linares.. Finalmente fue que por las traiciones en su contra y al PAN.. Le cobraron la &#8220;fractura&#8221; e hicieron perder la gubernatura al candidato del PAN, Miguel \u00c1ngel Yunes M\u00e1rquez.. Lo dem\u00e1s es historia.. Pero qui\u00e9n no conoce la historia est\u00e1 condenado a repetirla.. Pero la historia que se repite, es tragedia.. Nahle tiene el mejor ejemplo en Veracruz, de lo que hizo pol\u00edticamente Fidel Herrera.. El ex gobernador se ali\u00f3 con todos, hasta con la oposici\u00f3n, y eso provoc\u00f3 que fuera un mandatario fuerte y que hizo ganar a su sucesor: Javier Duarte.. Ah\u00ed tiene..<\/p>\n\n\n\n<p>REFLEXI\u00d3N.. Un gobernante debe saber, desde el primer d\u00eda de su mandato, que tantas peleas internas y externas te distraen de tu gobierno.. Y al estar enojado o molesto con tanto &#8220;golpeteo&#8221; en tu contra..Te lleva a tomar decisiones que no son sensatas por el &#8220;calor&#8221; del momento en que te encuentras.. Por eso, ya cuando eres gobierno, lo ideal es que debes sumar a todos, para fortalecer a tu administraci\u00f3n y preparar la segunda etapa de tu gobierno.. Y no hacer todo lo contrario de pelearte con todos.. Eso no te lleva a buen puerto y a la larga terminas &#8220;pagando&#8221; la factura.. Gastas y te desgastas.. EL QUE ENTENDI\u00d3, LO ENTENDI\u00d3.. AMEN..<\/p>\n","protected":false},"excerpt":{"rendered":"<p>Ricardo Chua La gobernadora de Veracruz, Roc\u00edo Nahle, ya abri\u00f3 un nuevo frente contra un medio de comunicaci\u00f3n nacional como es el Peri\u00f3dico &#8220;Reforma&#8221; y, al parecer, un grupo pol\u00edtico al interior de MORENA, que todo indica que presuntamente lo liderea el senador y l\u00edder de la Junta de Coordinaci\u00f3n Pol\u00edtica del Senado, Ad\u00e1n Augusto [&hellip;]<\/p>\n","protected":false},"author":35,"featured_media":175753,"comment_status":"open","ping_status":"open","sticky":false,"template":"","format":"standard","meta":{"_monsterinsights_skip_tracking":false,"_monsterinsights_sitenote_active":false,"_monsterinsights_sitenote_note":"","_monsterinsights_sitenote_category":0,"footnotes":""},"categories":[245],"tags":[],"class_list":["post-175752","post","type-post","status-publish","format-standard","has-post-thumbnail","hentry","category-dialogos-de-poder","wp-image-borders"],"amp_enabled":true,"_links":{"self":[{"href":"https:\/\/nvnoticias.mx\/index.php\/wp-json\/wp\/v2\/posts\/175752","targetHints":{"allow":["GET"]}}],"collection":[{"href":"https:\/\/nvnoticias.mx\/index.php\/wp-json\/wp\/v2\/posts"}],"about":[{"href":"https:\/\/nvnoticias.mx\/index.php\/wp-json\/wp\/v2\/types\/post"}],"author":[{"embeddable":true,"href":"https:\/\/nvnoticias.mx\/index.php\/wp-json\/wp\/v2\/users\/35"}],"replies":[{"embeddable":true,"href":"https:\/\/nvnoticias.mx\/index.php\/wp-json\/wp\/v2\/comments?post=175752"}],"version-history":[{"count":2,"href":"https:\/\/nvnoticias.mx\/index.php\/wp-json\/wp\/v2\/posts\/175752\/revisions"}],"predecessor-version":[{"id":175755,"href":"https:\/\/nvnoticias.mx\/index.php\/wp-json\/wp\/v2\/posts\/175752\/revisions\/175755"}],"wp:featuredmedia":[{"embeddable":true,"href":"https:\/\/nvnoticias.mx\/index.php\/wp-json\/wp\/v2\/media\/175753"}],"wp:attachment":[{"href":"https:\/\/nvnoticias.mx\/index.php\/wp-json\/wp\/v2\/media?parent=175752"}],"wp:term":[{"taxonomy":"category","embeddable":true,"href":"https:\/\/nvnoticias.mx\/index.php\/wp-json\/wp\/v2\/categories?post=175752"},{"taxonomy":"post_tag","embeddable":true,"href":"https:\/\/nvnoticias.mx\/index.php\/wp-json\/wp\/v2\/tags?post=175752"}],"curies":[{"name":"wp","href":"https:\/\/api.w.org\/{rel}","templated":true}]}}