{"id":175685,"date":"2025-03-08T19:40:00","date_gmt":"2025-03-09T01:40:00","guid":{"rendered":"https:\/\/nvnoticias.mx\/?p=175685"},"modified":"2025-03-10T12:20:48","modified_gmt":"2025-03-10T18:20:48","slug":"asiste-alberto-islas-al-informe-de-los-primeros-100-dias-de-gobierno-de-rocio-nahle","status":"publish","type":"post","link":"https:\/\/nvnoticias.mx\/index.php\/2025\/03\/08\/asiste-alberto-islas-al-informe-de-los-primeros-100-dias-de-gobierno-de-rocio-nahle\/","title":{"rendered":"Asiste Alberto Islas al Informe de los Primeros 100 D\u00edas de Gobierno de Roc\u00edo Nahle"},"content":{"rendered":"\n<p><\/p>\n\n\n\n<p>Coatzacoalcos, Ver.- El alcalde Alberto Islas Reyes asisti\u00f3 al Informe de los Primeros 100 D\u00edas de Gobierno que realiz\u00f3 la titular del Poder Ejecutivo Estatal, Roc\u00edo Nahle Garc\u00eda, en el Centro de Convenciones y Teatro de la Ciudad de Coatzacoalcos.<\/p>\n\n\n\n<p>En un ejercicio de rendici\u00f3n de cuentas, la mandataria present\u00f3 un balance de los avances, retos y acciones realizadas en favor del desarrollo y bienestar de la poblaci\u00f3n veracruzana.<\/p>\n\n\n\n<p>Al acto que congreg\u00f3 a representantes de distintos \u00f3rdenes de gobierno y los sectores social y productivo de la entidad, el alcalde Alberto Islas coincidi\u00f3 con el secretario de Gobierno, Ricardo Ahued.<\/p>\n","protected":false},"excerpt":{"rendered":"<p>Coatzacoalcos, Ver.- El alcalde Alberto Islas Reyes asisti\u00f3 al Informe de los Primeros 100 D\u00edas de Gobierno que realiz\u00f3 la titular del Poder Ejecutivo Estatal, Roc\u00edo Nahle Garc\u00eda, en el Centro de Convenciones y Teatro de la Ciudad de Coatzacoalcos. En un ejercicio de rendici\u00f3n de cuentas, la mandataria present\u00f3 un balance de los avances, [&hellip;]<\/p>\n","protected":false},"author":8,"featured_media":175686,"comment_status":"open","ping_status":"open","sticky":false,"template":"","format":"standard","meta":{"_monsterinsights_skip_tracking":false,"_monsterinsights_sitenote_active":false,"_monsterinsights_sitenote_note":"","_monsterinsights_sitenote_category":0,"footnotes":""},"categories":[156],"tags":[31278,1742,1594],"class_list":["post-175685","post","type-post","status-publish","format-standard","has-post-thumbnail","hentry","category-estado","tag-alberto-islas","tag-informe","tag-rocio-nahle","wp-image-borders"],"amp_enabled":true,"_links":{"self":[{"href":"https:\/\/nvnoticias.mx\/index.php\/wp-json\/wp\/v2\/posts\/175685","targetHints":{"allow":["GET"]}}],"collection":[{"href":"https:\/\/nvnoticias.mx\/index.php\/wp-json\/wp\/v2\/posts"}],"about":[{"href":"https:\/\/nvnoticias.mx\/index.php\/wp-json\/wp\/v2\/types\/post"}],"author":[{"embeddable":true,"href":"https:\/\/nvnoticias.mx\/index.php\/wp-json\/wp\/v2\/users\/8"}],"replies":[{"embeddable":true,"href":"https:\/\/nvnoticias.mx\/index.php\/wp-json\/wp\/v2\/comments?post=175685"}],"version-history":[{"count":1,"href":"https:\/\/nvnoticias.mx\/index.php\/wp-json\/wp\/v2\/posts\/175685\/revisions"}],"predecessor-version":[{"id":175687,"href":"https:\/\/nvnoticias.mx\/index.php\/wp-json\/wp\/v2\/posts\/175685\/revisions\/175687"}],"wp:featuredmedia":[{"embeddable":true,"href":"https:\/\/nvnoticias.mx\/index.php\/wp-json\/wp\/v2\/media\/175686"}],"wp:attachment":[{"href":"https:\/\/nvnoticias.mx\/index.php\/wp-json\/wp\/v2\/media?parent=175685"}],"wp:term":[{"taxonomy":"category","embeddable":true,"href":"https:\/\/nvnoticias.mx\/index.php\/wp-json\/wp\/v2\/categories?post=175685"},{"taxonomy":"post_tag","embeddable":true,"href":"https:\/\/nvnoticias.mx\/index.php\/wp-json\/wp\/v2\/tags?post=175685"}],"curies":[{"name":"wp","href":"https:\/\/api.w.org\/{rel}","templated":true}]}}