{"id":175634,"date":"2025-03-09T23:13:56","date_gmt":"2025-03-10T05:13:56","guid":{"rendered":"https:\/\/nvnoticias.mx\/?p=175634"},"modified":"2025-03-09T23:13:58","modified_gmt":"2025-03-10T05:13:58","slug":"caras-nuevas-buscan-espacios-en-el-pan-para-regidurias-en-veracruz","status":"publish","type":"post","link":"https:\/\/nvnoticias.mx\/index.php\/2025\/03\/09\/caras-nuevas-buscan-espacios-en-el-pan-para-regidurias-en-veracruz\/","title":{"rendered":"Caras Nuevas Buscan Espacios en el PAN para Regidur\u00edas en Veracruz"},"content":{"rendered":"\n<p><\/p>\n\n\n\n<p>Jes\u00fas Utrilla | NV Noticias <\/p>\n\n\n\n<p>Con la intenci\u00f3n de renovar cuadros y dar oportunidad a nuevos perfiles, este fin de semana se llev\u00f3 a cabo el registro de precandidatos a las regidur\u00edas del Partido Acci\u00f3n Nacional (PAN) en el municipio de Veracruz. La convocatoria, abierta desde el 3 de marzo y con fecha l\u00edmite el pasado 8 de marzo, permiti\u00f3 la inscripci\u00f3n de militantes y simpatizantes interesados en participar en el proceso interno del partido.<\/p>\n\n\n\n<p>El registro estuvo marcado por la inclusi\u00f3n, ya que en la convocatoria se contempl\u00f3 la participaci\u00f3n de personas con discapacidad, integrantes de la comunidad LGBTTTIQA+, j\u00f3venes menores de 29 a\u00f1os, ciudadanos de origen ind\u00edgena o ascendencia afroamericana, as\u00ed como hombres y mujeres con vocaci\u00f3n de servicio y compromiso con los principios del PAN.<\/p>\n\n\n\n<p>Uno de los nombres que destaca en este proceso es el de Marcos Alberto Machorro Soriano, veracruzano de 33 a\u00f1os con formaci\u00f3n en Ciencias y T\u00e9cnicas de la Comunicaci\u00f3n por la Universidad Veracruzana (UV) y en Mercadotecnia por la Universidad Popular Aut\u00f3noma de Veracruz (UPAV). Con cinco a\u00f1os de militancia en Acci\u00f3n Nacional y experiencia en el Gobierno del Estado, el Congreso local y el Ayuntamiento de Veracruz, Machorro Soriano busca consolidarse como una opci\u00f3n fresca dentro del partido.<\/p>\n\n\n\n<p>A su registro acudi\u00f3 acompa\u00f1ado por Erick Josu\u00e9 Vega Gonz\u00e1lez, joven panista de 31 a\u00f1os con m\u00e1s de una d\u00e9cada de militancia en el puerto de Veracruz y considerado una de las figuras emergentes dentro del partido.<\/p>\n\n\n\n<p>El registro de nuevos perfiles ha sido recibido con entusiasmo entre la militancia y ciudadanos, quienes han expresado su deseo de ver rostros distintos en la funci\u00f3n p\u00fablica. En diversos sectores se ha se\u00f1alado la necesidad de que los actuales funcionarios cedan espacios y permitan la llegada de figuras con ideas renovadas y un compromiso real con la ciudadan\u00eda.<\/p>\n","protected":false},"excerpt":{"rendered":"<p>Jes\u00fas Utrilla | NV Noticias Con la intenci\u00f3n de renovar cuadros y dar oportunidad a nuevos perfiles, este fin de semana se llev\u00f3 a cabo el registro de precandidatos a las regidur\u00edas del Partido Acci\u00f3n Nacional (PAN) en el municipio de Veracruz. La convocatoria, abierta desde el 3 de marzo y con fecha l\u00edmite el [&hellip;]<\/p>\n","protected":false},"author":35,"featured_media":175635,"comment_status":"open","ping_status":"open","sticky":false,"template":"","format":"standard","meta":{"_monsterinsights_skip_tracking":false,"_monsterinsights_sitenote_active":false,"_monsterinsights_sitenote_note":"","_monsterinsights_sitenote_category":0,"footnotes":""},"categories":[154],"tags":[284],"class_list":["post-175634","post","type-post","status-publish","format-standard","has-post-thumbnail","hentry","category-veracruz","tag-pan","wp-image-borders"],"amp_enabled":true,"_links":{"self":[{"href":"https:\/\/nvnoticias.mx\/index.php\/wp-json\/wp\/v2\/posts\/175634","targetHints":{"allow":["GET"]}}],"collection":[{"href":"https:\/\/nvnoticias.mx\/index.php\/wp-json\/wp\/v2\/posts"}],"about":[{"href":"https:\/\/nvnoticias.mx\/index.php\/wp-json\/wp\/v2\/types\/post"}],"author":[{"embeddable":true,"href":"https:\/\/nvnoticias.mx\/index.php\/wp-json\/wp\/v2\/users\/35"}],"replies":[{"embeddable":true,"href":"https:\/\/nvnoticias.mx\/index.php\/wp-json\/wp\/v2\/comments?post=175634"}],"version-history":[{"count":1,"href":"https:\/\/nvnoticias.mx\/index.php\/wp-json\/wp\/v2\/posts\/175634\/revisions"}],"predecessor-version":[{"id":175636,"href":"https:\/\/nvnoticias.mx\/index.php\/wp-json\/wp\/v2\/posts\/175634\/revisions\/175636"}],"wp:featuredmedia":[{"embeddable":true,"href":"https:\/\/nvnoticias.mx\/index.php\/wp-json\/wp\/v2\/media\/175635"}],"wp:attachment":[{"href":"https:\/\/nvnoticias.mx\/index.php\/wp-json\/wp\/v2\/media?parent=175634"}],"wp:term":[{"taxonomy":"category","embeddable":true,"href":"https:\/\/nvnoticias.mx\/index.php\/wp-json\/wp\/v2\/categories?post=175634"},{"taxonomy":"post_tag","embeddable":true,"href":"https:\/\/nvnoticias.mx\/index.php\/wp-json\/wp\/v2\/tags?post=175634"}],"curies":[{"name":"wp","href":"https:\/\/api.w.org\/{rel}","templated":true}]}}