{"id":175620,"date":"2025-03-09T12:17:13","date_gmt":"2025-03-09T18:17:13","guid":{"rendered":"https:\/\/nvnoticias.mx\/?p=175620"},"modified":"2025-03-09T12:17:15","modified_gmt":"2025-03-09T18:17:15","slug":"celebra-selena-gomez-el-cumpleanos-de-benny-blanco-con-un-romantico-mensaje","status":"publish","type":"post","link":"https:\/\/nvnoticias.mx\/index.php\/2025\/03\/09\/celebra-selena-gomez-el-cumpleanos-de-benny-blanco-con-un-romantico-mensaje\/","title":{"rendered":"Celebra Selena Gomez el cumplea\u00f1os de Benny Blanco con un rom\u00e1ntico mensaje"},"content":{"rendered":"\n<p>Sin duda alguna,\u00a0<strong>Selena Gomez<\/strong>atraviesa por un momento\u00a0sumamente especial\u00a0a nivel personal y profesional. <br><\/p>\n\n\n\n<p>La cantante, que se encuentra a tan solo unos d\u00edas del lanzamiento de su nuevo disco,<em>\u00a0I Said Love You First<\/em>, el cual ha grabado en colaboraci\u00f3n con su prometido\u00a0<strong>Benny Blanco<\/strong>, ha celebrado una fecha por dem\u00e1s significativa para ella: el cumplea\u00f1os de\u00a0su ser amado. La int\u00e9rprete ha dedicado una rom\u00e1ntica publicaci\u00f3n a Benny en sus redes sociales, donde ha dejado en claro el profundo amor que tiene por \u00e9l y lo feliz que se siente de poder compartir su vida.<\/p>\n\n\n\n<p>A trav\u00e9s de su perfil de Instagram, Selena comparti\u00f3 un \u00e1lbum de fotograf\u00edas en las que mostr\u00f3 algunos de los instantes m\u00e1s especiales que han compartido como pareja, desde los momentos m\u00e1s rom\u00e1nticos a los m\u00e1s glamourosos, como lo fue su reciente asistencia a la ceremonia de los premios Oscar 2025. Al pie de la publicaci\u00f3n, la tambi\u00e9n actriz un breve mensaje en el que dej\u00f3 en claro el lugar que ocupa el famoso productor en su coraz\u00f3n. &#8220;No estoy segura de qu\u00e9 hice para merecerte, pero estoy muy feliz de que hayas nacido&#8230; Feliz cumplea\u00f1os&#8221;, expres\u00f3 emocionada.<\/p>\n\n\n\n<p>Como era de esperarse, los fans de la int\u00e9rprete de\u00a0<em>Lose You To Love Me\u00a0<\/em>no tardaron en reaccionar, por lo que dejaron sus mensajes de felicitaci\u00f3n y buenos deseos para el cumplea\u00f1ero y para la pareja. Entre los cientos de comentarios resalt\u00f3 el de Benny, quien emocionado agradeci\u00f3 el gesto de su prometida. &#8220;Te amo, esposa&#8221;, expres\u00f3 el int\u00e9rprete conmovido. Recordemos que, desde que anunciaron su compromiso, en diciembre del a\u00f1o pasado, Benny se ha referido a Selena como su esposa.\u00a0<\/p>\n\n\n\n<p><\/p>\n\n\n\n<p><\/p>\n\n\n\n<p><\/p>\n\n\n\n<p><\/p>\n\n\n\n<p><\/p>\n\n\n\n<p><\/p>\n\n\n\n<p><\/p>\n\n\n\n<p><\/p>\n\n\n\n<p><\/p>\n\n\n\n<p><\/p>\n\n\n\n<p><\/p>\n","protected":false},"excerpt":{"rendered":"<p>Sin duda alguna,\u00a0Selena Gomezatraviesa por un momento\u00a0sumamente especial\u00a0a nivel personal y profesional. La cantante, que se encuentra a tan solo unos d\u00edas del lanzamiento de su nuevo disco,\u00a0I Said Love You First, el cual ha grabado en colaboraci\u00f3n con su prometido\u00a0Benny Blanco, ha celebrado una fecha por dem\u00e1s significativa para ella: el cumplea\u00f1os de\u00a0su ser [&hellip;]<\/p>\n","protected":false},"author":35,"featured_media":174928,"comment_status":"open","ping_status":"open","sticky":false,"template":"","format":"standard","meta":{"_monsterinsights_skip_tracking":false,"_monsterinsights_sitenote_active":false,"_monsterinsights_sitenote_note":"","_monsterinsights_sitenote_category":0,"footnotes":""},"categories":[576],"tags":[28600,126],"class_list":["post-175620","post","type-post","status-publish","format-standard","has-post-thumbnail","hentry","category-ocio","tag-benny-blanco","tag-selena-gomez","wp-image-borders"],"amp_enabled":true,"_links":{"self":[{"href":"https:\/\/nvnoticias.mx\/index.php\/wp-json\/wp\/v2\/posts\/175620","targetHints":{"allow":["GET"]}}],"collection":[{"href":"https:\/\/nvnoticias.mx\/index.php\/wp-json\/wp\/v2\/posts"}],"about":[{"href":"https:\/\/nvnoticias.mx\/index.php\/wp-json\/wp\/v2\/types\/post"}],"author":[{"embeddable":true,"href":"https:\/\/nvnoticias.mx\/index.php\/wp-json\/wp\/v2\/users\/35"}],"replies":[{"embeddable":true,"href":"https:\/\/nvnoticias.mx\/index.php\/wp-json\/wp\/v2\/comments?post=175620"}],"version-history":[{"count":3,"href":"https:\/\/nvnoticias.mx\/index.php\/wp-json\/wp\/v2\/posts\/175620\/revisions"}],"predecessor-version":[{"id":175623,"href":"https:\/\/nvnoticias.mx\/index.php\/wp-json\/wp\/v2\/posts\/175620\/revisions\/175623"}],"wp:featuredmedia":[{"embeddable":true,"href":"https:\/\/nvnoticias.mx\/index.php\/wp-json\/wp\/v2\/media\/174928"}],"wp:attachment":[{"href":"https:\/\/nvnoticias.mx\/index.php\/wp-json\/wp\/v2\/media?parent=175620"}],"wp:term":[{"taxonomy":"category","embeddable":true,"href":"https:\/\/nvnoticias.mx\/index.php\/wp-json\/wp\/v2\/categories?post=175620"},{"taxonomy":"post_tag","embeddable":true,"href":"https:\/\/nvnoticias.mx\/index.php\/wp-json\/wp\/v2\/tags?post=175620"}],"curies":[{"name":"wp","href":"https:\/\/api.w.org\/{rel}","templated":true}]}}