{"id":17561,"date":"2021-07-01T13:37:25","date_gmt":"2021-07-01T18:37:25","guid":{"rendered":"https:\/\/nvnoticias.mx\/?p=17561"},"modified":"2021-07-01T13:37:26","modified_gmt":"2021-07-01T18:37:26","slug":"jubilados-se-manifiestan-contra-reforma-de-pension","status":"publish","type":"post","link":"https:\/\/nvnoticias.mx\/index.php\/2021\/07\/01\/jubilados-se-manifiestan-contra-reforma-de-pension\/","title":{"rendered":"Jubilados se manifiestan contra reforma en materia de pensi\u00f3n de trabajadores del estado"},"content":{"rendered":"\n<p><strong>Jes\u00fas Utrilla \/ NV Noticias<\/strong><\/p>\n\n\n\n<p>Veracruz. \u2013 Jubilados se manifestaron contra reforma en materia de pensi\u00f3n de trabajadores del estado.<\/p>\n\n\n\n<p>Tambi\u00e9n demandaron al Instituto de Pensiones del Estado rescatar los 20 mil 500 millones de pesos que se les adeuda desde gobiernos estatales pasados.<\/p>\n\n\n\n<p>El presidente del Consejo de Pensionados y Jubilados de Veracruz, Rodolfo Su\u00e1rez Castellanos, afirm\u00f3 que con dicha iniciativa la responsabilidad del pago a pensionados del Instituto de Pensiones del Estado (IPE), recaer\u00e1 sobre el Gobierno del Estado.<\/p>\n\n\n\n<p>Asever\u00f3 que los Poderes Ejecutivo, Legislativo y Judicial no han sido capaces de sentarse a dialogar y a destrabar el enorme problema financiero del Instituto de Pensiones del Estado.<\/p>\n\n\n\n<p>Los inconformes instalaron un plant\u00f3n en la esquina de la avenida Independencia y la calle Ignacio Ray\u00f3n, en el centro de la ciudad, en donde fue bloqueada la circulaci\u00f3n vial.<\/p>\n","protected":false},"excerpt":{"rendered":"<p>Jes\u00fas Utrilla \/ NV Noticias Veracruz. \u2013 Jubilados se manifestaron contra reforma en materia de pensi\u00f3n de trabajadores del estado. Tambi\u00e9n demandaron al Instituto de Pensiones del Estado rescatar los 20 mil 500 millones de pesos que se les adeuda desde gobiernos estatales pasados. El presidente del Consejo de Pensionados y Jubilados de Veracruz, Rodolfo [&hellip;]<\/p>\n","protected":false},"author":6,"featured_media":17564,"comment_status":"open","ping_status":"open","sticky":false,"template":"","format":"standard","meta":{"_monsterinsights_skip_tracking":false,"_monsterinsights_sitenote_active":false,"_monsterinsights_sitenote_note":"","_monsterinsights_sitenote_category":0,"footnotes":""},"categories":[154],"tags":[1970,1503,941],"class_list":["post-17561","post","type-post","status-publish","format-standard","has-post-thumbnail","hentry","category-veracruz","tag-jubilados","tag-pension","tag-trabajadores","wp-image-borders"],"amp_enabled":true,"_links":{"self":[{"href":"https:\/\/nvnoticias.mx\/index.php\/wp-json\/wp\/v2\/posts\/17561","targetHints":{"allow":["GET"]}}],"collection":[{"href":"https:\/\/nvnoticias.mx\/index.php\/wp-json\/wp\/v2\/posts"}],"about":[{"href":"https:\/\/nvnoticias.mx\/index.php\/wp-json\/wp\/v2\/types\/post"}],"author":[{"embeddable":true,"href":"https:\/\/nvnoticias.mx\/index.php\/wp-json\/wp\/v2\/users\/6"}],"replies":[{"embeddable":true,"href":"https:\/\/nvnoticias.mx\/index.php\/wp-json\/wp\/v2\/comments?post=17561"}],"version-history":[{"count":1,"href":"https:\/\/nvnoticias.mx\/index.php\/wp-json\/wp\/v2\/posts\/17561\/revisions"}],"predecessor-version":[{"id":17563,"href":"https:\/\/nvnoticias.mx\/index.php\/wp-json\/wp\/v2\/posts\/17561\/revisions\/17563"}],"wp:featuredmedia":[{"embeddable":true,"href":"https:\/\/nvnoticias.mx\/index.php\/wp-json\/wp\/v2\/media\/17564"}],"wp:attachment":[{"href":"https:\/\/nvnoticias.mx\/index.php\/wp-json\/wp\/v2\/media?parent=17561"}],"wp:term":[{"taxonomy":"category","embeddable":true,"href":"https:\/\/nvnoticias.mx\/index.php\/wp-json\/wp\/v2\/categories?post=17561"},{"taxonomy":"post_tag","embeddable":true,"href":"https:\/\/nvnoticias.mx\/index.php\/wp-json\/wp\/v2\/tags?post=17561"}],"curies":[{"name":"wp","href":"https:\/\/api.w.org\/{rel}","templated":true}]}}