{"id":175306,"date":"2025-03-06T10:26:30","date_gmt":"2025-03-06T16:26:30","guid":{"rendered":"https:\/\/nvnoticias.mx\/?p=175306"},"modified":"2025-03-06T10:26:32","modified_gmt":"2025-03-06T16:26:32","slug":"cambia-sheinbaum-horario-de-la-mananera","status":"publish","type":"post","link":"https:\/\/nvnoticias.mx\/index.php\/2025\/03\/06\/cambia-sheinbaum-horario-de-la-mananera\/","title":{"rendered":"Cambia Sheinbaum horario de la &#8216;Ma\u00f1anera&#8217;"},"content":{"rendered":"\n<p>Horas despu\u00e9s de que anticip\u00f3 que este jueves sostendr\u00eda una llamada con Donald Trump, mandatario de Estados Unidos, la presidenta Claudia Sheinbaum Pardo inform\u00f3 en redes sociales que \u201cpor \u00fanica vez, la conferencia de ma\u00f1ana, 6 de marzo, ser\u00e1 a las 11:00 am\u201d.<\/p>\n\n\n\n<p>En la llamada previa que sostuvieron &nbsp;el 3 de febrero, cuando acordaron la pausa a los aranceles, la ma\u00f1anera del pueblo en &nbsp;Palacio Nacional fue a las 09:00 horas.<br><br>Temprano, en su habitual conferencia de prensa, la presidenta indic\u00f3 hoy que la llamada &nbsp;\u201cparece que va a ser en la ma\u00f1ana, todav\u00eda est\u00e1 defini\u00e9ndose\u201d.<\/p>\n\n\n\n<p>-\u00bfLa ma\u00f1anera va a ser antes o despu\u00e9s de la llamada?<\/p>\n\n\n\n<p>-M\u00e1s tarde les informamos, ya cuando tengamos la hora.<\/p>\n\n\n\n<p>Y poco antes de las 9 de ayer por la noche, \u00a0inform\u00f3 que su conferencia \u00a0de prensa ser\u00e1 a las 11:00 horas este jueves.<\/p>\n\n\n\n<p>Fuente: La <a href=\"https:\/\/www.jornada.com.mx\/noticia\/2025\/03\/05\/politica\/cambia-sheinbaum-horario-de-la-mananera-se-realizara-a-las-11-am\">Jornada<\/a><\/p>\n\n\n\n<p><\/p>\n\n\n\n<p><\/p>\n\n\n\n<p><\/p>\n","protected":false},"excerpt":{"rendered":"<p>Horas despu\u00e9s de que anticip\u00f3 que este jueves sostendr\u00eda una llamada con Donald Trump, mandatario de Estados Unidos, la presidenta Claudia Sheinbaum Pardo inform\u00f3 en redes sociales que \u201cpor \u00fanica vez, la conferencia de ma\u00f1ana, 6 de marzo, ser\u00e1 a las 11:00 am\u201d. En la llamada previa que sostuvieron &nbsp;el 3 de febrero, cuando acordaron [&hellip;]<\/p>\n","protected":false},"author":35,"featured_media":166432,"comment_status":"open","ping_status":"open","sticky":false,"template":"","format":"standard","meta":{"_monsterinsights_skip_tracking":false,"_monsterinsights_sitenote_active":false,"_monsterinsights_sitenote_note":"","_monsterinsights_sitenote_category":0,"footnotes":""},"categories":[157],"tags":[2801,21942,162],"class_list":["post-175306","post","type-post","status-publish","format-standard","has-post-thumbnail","hentry","category-nacional","tag-claudia-sheinbaum","tag-la-mananera","tag-portada","wp-image-borders"],"amp_enabled":true,"_links":{"self":[{"href":"https:\/\/nvnoticias.mx\/index.php\/wp-json\/wp\/v2\/posts\/175306","targetHints":{"allow":["GET"]}}],"collection":[{"href":"https:\/\/nvnoticias.mx\/index.php\/wp-json\/wp\/v2\/posts"}],"about":[{"href":"https:\/\/nvnoticias.mx\/index.php\/wp-json\/wp\/v2\/types\/post"}],"author":[{"embeddable":true,"href":"https:\/\/nvnoticias.mx\/index.php\/wp-json\/wp\/v2\/users\/35"}],"replies":[{"embeddable":true,"href":"https:\/\/nvnoticias.mx\/index.php\/wp-json\/wp\/v2\/comments?post=175306"}],"version-history":[{"count":3,"href":"https:\/\/nvnoticias.mx\/index.php\/wp-json\/wp\/v2\/posts\/175306\/revisions"}],"predecessor-version":[{"id":175309,"href":"https:\/\/nvnoticias.mx\/index.php\/wp-json\/wp\/v2\/posts\/175306\/revisions\/175309"}],"wp:featuredmedia":[{"embeddable":true,"href":"https:\/\/nvnoticias.mx\/index.php\/wp-json\/wp\/v2\/media\/166432"}],"wp:attachment":[{"href":"https:\/\/nvnoticias.mx\/index.php\/wp-json\/wp\/v2\/media?parent=175306"}],"wp:term":[{"taxonomy":"category","embeddable":true,"href":"https:\/\/nvnoticias.mx\/index.php\/wp-json\/wp\/v2\/categories?post=175306"},{"taxonomy":"post_tag","embeddable":true,"href":"https:\/\/nvnoticias.mx\/index.php\/wp-json\/wp\/v2\/tags?post=175306"}],"curies":[{"name":"wp","href":"https:\/\/api.w.org\/{rel}","templated":true}]}}