{"id":1753,"date":"2021-01-19T22:56:08","date_gmt":"2021-01-20T04:56:08","guid":{"rendered":"https:\/\/nvnoticias.mx\/?p=1753"},"modified":"2021-01-19T22:58:10","modified_gmt":"2021-01-20T04:58:10","slug":"proponen-que-tala-clandestina-de-arboles-sea-delito-federal","status":"publish","type":"post","link":"https:\/\/nvnoticias.mx\/index.php\/2021\/01\/19\/proponen-que-tala-clandestina-de-arboles-sea-delito-federal\/","title":{"rendered":"Proponen que tala clandestina de \u00e1rboles sea delito federal"},"content":{"rendered":"\n<p>Con el objeto de tipificar, en el C\u00f3digo Penal Federal, como delito la tala clandestina de \u00e1rboles, la diputada local de Movimiento Ciudadano Ivonne Trujillo Ortiz present\u00f3 al Congreso del Estado una iniciativa con proyecto ante el Congreso de la Uni\u00f3n, con lo que se buscar\u00eda imponer de uno a nueve a\u00f1os de prisi\u00f3n y de 300 a tres mil los d\u00edas de multa, a quien cometa el citado il\u00edcito.<\/p>\n\n\n\n<p>Al participar durante la sesi\u00f3n ordinaria, la legisladora plantea reformar el p\u00e1rrafo primero del art\u00edculo 419 del C\u00f3digo Penal Federal para se\u00f1alar que las penas antes mencionadas se aplicar\u00edan a quien il\u00edcitamente realice la actividad de tala de \u00e1rboles, transporte, comercie, acopie, almacene o transforme madera en rollo, astillas, carb\u00f3n vegetal, as\u00ed como cualquier otro recurso forestal maderable, o tierra procedente de suelos forestales en cantidades superiores a cuatro metros c\u00fabicos o, en su caso, a su equivalente en madera aserrada.<\/p>\n\n\n\n<p>En su intervenci\u00f3n en Tribuna, la diputada Trujillo Ortiz precis\u00f3 que la tala excesiva trae consecuencias que no s\u00f3lo afectan a la diversidad de flora y fauna sino a la misma vida humana, ya que con la deforestaci\u00f3n se liberan miles de toneladas de bi\u00f3xido de carbono en la atm\u00f3sfera.<\/p>\n\n\n\n<blockquote class=\"wp-block-quote is-layout-flow wp-block-quote-is-layout-flow\"><p>\u201cLa deforestaci\u00f3n causa aproximadamente una cuarta parte de todas las emisiones de carbono producidas por el hombre\u201d.<\/p><\/blockquote>\n\n\n\n<p>Subray\u00f3 que, de acuerdo con un estudio realizado por la Universidad Nacional Aut\u00f3noma de M\u00e9xico (UNAM), el 70 por ciento de la madera que se comercializa en M\u00e9xico tiene origen ilegal, lo cual da como resultado que la tasa de deforestaci\u00f3n de M\u00e9xico sea de aproximadamente 155 mil hect\u00e1reas por a\u00f1o, de las cuales 60 mil tienen su origen en la tala clandestina.<\/p>\n\n\n\n<p>La representante del Distrito IX, con cabecera en Perote, indic\u00f3 que el Gobierno Federal ha reconocido que Veracruz es de los estados de la Rep\u00fablica con mayores \u00edndices de tala ilegal. <\/p>\n\n\n\n<blockquote class=\"wp-block-quote is-layout-flow wp-block-quote-is-layout-flow\"><p>\u201cAdem\u00e1s, nuestro estado est\u00e1 entre las diez entidades del pa\u00eds donde no hay investigaciones por tala clandestina\u201d.<\/p><\/blockquote>\n\n\n\n<p>Asimismo, record\u00f3 que en 1998 -en el Cofre de Perote- una pareja de talamontes dej\u00f3 encendidas dos antorchas con las que se iluminaban mientras trabajaban al amparo de la noche. <\/p>\n\n\n\n<blockquote class=\"wp-block-quote is-layout-flow wp-block-quote-is-layout-flow\"><p>&#8220;Cuando una de ellas cay\u00f3 al suelo, inici\u00f3 uno de los peores incendios que ha visto el pa\u00eds, que devast\u00f3 tres mil hect\u00e1reas de bosque de pino y oyamel&#8221;, a\u00f1adi\u00f3.<\/p><\/blockquote>\n\n\n\n<p>La diputada Ivonne Trujillo se\u00f1al\u00f3 que el caso m\u00e1s grave de reducci\u00f3n forestal lo presenta el Cofre de Perote con el 52 por ciento de su extensi\u00f3n desaparecida, ya que de las 11 mil 530 hect\u00e1reas que abarcan el Parque Nacional, poco m\u00e1s de seis mil ya no tienen \u00e1rboles.<\/p>\n\n\n\n<p>A decir de pobladores de la regi\u00f3n del Cofre de Perote, expuso la legisladora, bastan apenas unos minutos para derribar \u00e1rboles a los que les tomaron m\u00e1s de cien a\u00f1os crecer. <\/p>\n\n\n\n<blockquote class=\"wp-block-quote is-layout-flow wp-block-quote-is-layout-flow\"><p>\u201cUna vez talados, podados y apilados, las vigas de madera de pino y oyamel, especies end\u00e9micas, viajan algunos kil\u00f3metros a empresas que ya los esperan para convertirlos en tarimas o cajas para empacar fruta\u201d abund\u00f3.<\/p><\/blockquote>\n\n\n\n<p>La iniciativa, a la que se adhiri\u00f3 el Grupo Legislativo del PAN, fue turnada para su estudio y dictamen a la Comisi\u00f3n Permanente de Justicia y Puntos Constitucionales. De aprobarse por el Pleno, el Congreso de Veracruz remitir\u00eda al Congreso de la Uni\u00f3n para el tr\u00e1mite legislativo correspondiente.<\/p>\n","protected":false},"excerpt":{"rendered":"<p>Con el objeto de tipificar, en el C\u00f3digo Penal Federal, como delito la tala clandestina de \u00e1rboles, la diputada local de Movimiento Ciudadano Ivonne Trujillo Ortiz present\u00f3 al Congreso del Estado una iniciativa con proyecto ante el Congreso de la Uni\u00f3n, con lo que se buscar\u00eda imponer de uno a nueve a\u00f1os de prisi\u00f3n y [&hellip;]<\/p>\n","protected":false},"author":7,"featured_media":1755,"comment_status":"open","ping_status":"open","sticky":false,"template":"","format":"standard","meta":{"_monsterinsights_skip_tracking":false,"_monsterinsights_sitenote_active":false,"_monsterinsights_sitenote_note":"","_monsterinsights_sitenote_category":0,"footnotes":""},"categories":[156],"tags":[570,515,578,162],"class_list":["post-1753","post","type-post","status-publish","format-standard","has-post-thumbnail","hentry","category-estado","tag-congreso-del-estado-de-veracruz","tag-congreso-veracruz","tag-ivonne-trujillo-ortiz","tag-portada","wp-image-borders"],"amp_enabled":true,"_links":{"self":[{"href":"https:\/\/nvnoticias.mx\/index.php\/wp-json\/wp\/v2\/posts\/1753","targetHints":{"allow":["GET"]}}],"collection":[{"href":"https:\/\/nvnoticias.mx\/index.php\/wp-json\/wp\/v2\/posts"}],"about":[{"href":"https:\/\/nvnoticias.mx\/index.php\/wp-json\/wp\/v2\/types\/post"}],"author":[{"embeddable":true,"href":"https:\/\/nvnoticias.mx\/index.php\/wp-json\/wp\/v2\/users\/7"}],"replies":[{"embeddable":true,"href":"https:\/\/nvnoticias.mx\/index.php\/wp-json\/wp\/v2\/comments?post=1753"}],"version-history":[{"count":3,"href":"https:\/\/nvnoticias.mx\/index.php\/wp-json\/wp\/v2\/posts\/1753\/revisions"}],"predecessor-version":[{"id":1759,"href":"https:\/\/nvnoticias.mx\/index.php\/wp-json\/wp\/v2\/posts\/1753\/revisions\/1759"}],"wp:featuredmedia":[{"embeddable":true,"href":"https:\/\/nvnoticias.mx\/index.php\/wp-json\/wp\/v2\/media\/1755"}],"wp:attachment":[{"href":"https:\/\/nvnoticias.mx\/index.php\/wp-json\/wp\/v2\/media?parent=1753"}],"wp:term":[{"taxonomy":"category","embeddable":true,"href":"https:\/\/nvnoticias.mx\/index.php\/wp-json\/wp\/v2\/categories?post=1753"},{"taxonomy":"post_tag","embeddable":true,"href":"https:\/\/nvnoticias.mx\/index.php\/wp-json\/wp\/v2\/tags?post=1753"}],"curies":[{"name":"wp","href":"https:\/\/api.w.org\/{rel}","templated":true}]}}