{"id":175296,"date":"2025-03-05T19:32:57","date_gmt":"2025-03-06T01:32:57","guid":{"rendered":"https:\/\/nvnoticias.mx\/?p=175296"},"modified":"2025-03-05T19:32:59","modified_gmt":"2025-03-06T01:32:59","slug":"morena-y-partido-verde-designan-a-polo-deschamps-como-promotor-de-los-trabajos-de-la-cuarta-transformacion-en-alvarado","status":"publish","type":"post","link":"https:\/\/nvnoticias.mx\/index.php\/2025\/03\/05\/morena-y-partido-verde-designan-a-polo-deschamps-como-promotor-de-los-trabajos-de-la-cuarta-transformacion-en-alvarado\/","title":{"rendered":"Morena y Partido Verde designan a Polo Deschamps como promotor de los trabajos de la Cuarta Transformaci\u00f3n en Alvarado"},"content":{"rendered":"\n<p><\/p>\n\n\n\n<p><strong>Jes\u00fas Utrilla \/ NV Noticias<\/strong><\/p>\n\n\n\n<p>Las dirigencias nacionales y estatales de los partidos Morena y Verde Ecologista de M\u00e9xico nombraron a Polo Deschamps como promotor de los trabajos de la Cuarta Transformaci\u00f3n en el municipio de Alvarado.&nbsp;<\/p>\n\n\n\n<p>Este nombramiento obedece a que Polo Deschamps result\u00f3 el ganador de la encuesta realizada por ambos partidos pol\u00edticos en ese municipio.&nbsp;<\/p>\n\n\n\n<p>Con esta designaci\u00f3n culmina la etapa interna de definici\u00f3n de quien encabezar\u00e1 los trabajos de promoci\u00f3n de ambos institutos pol\u00edticos, rumbo a la contienda por la alcald\u00eda que se realizar\u00e1 en junio pr\u00f3ximo, y en el que ambos partidos participar\u00e1n en alianza.<\/p>\n","protected":false},"excerpt":{"rendered":"<p>Jes\u00fas Utrilla \/ NV Noticias Las dirigencias nacionales y estatales de los partidos Morena y Verde Ecologista de M\u00e9xico nombraron a Polo Deschamps como promotor de los trabajos de la Cuarta Transformaci\u00f3n en el municipio de Alvarado.&nbsp; Este nombramiento obedece a que Polo Deschamps result\u00f3 el ganador de la encuesta realizada por ambos partidos pol\u00edticos [&hellip;]<\/p>\n","protected":false},"author":8,"featured_media":175297,"comment_status":"open","ping_status":"open","sticky":false,"template":"","format":"standard","meta":{"_monsterinsights_skip_tracking":false,"_monsterinsights_sitenote_active":false,"_monsterinsights_sitenote_note":"","_monsterinsights_sitenote_category":0,"footnotes":""},"categories":[154],"tags":[252,29683,948],"class_list":["post-175296","post","type-post","status-publish","format-standard","has-post-thumbnail","hentry","category-veracruz","tag-morena","tag-polo-deschamps","tag-pvem","wp-image-borders"],"amp_enabled":true,"_links":{"self":[{"href":"https:\/\/nvnoticias.mx\/index.php\/wp-json\/wp\/v2\/posts\/175296","targetHints":{"allow":["GET"]}}],"collection":[{"href":"https:\/\/nvnoticias.mx\/index.php\/wp-json\/wp\/v2\/posts"}],"about":[{"href":"https:\/\/nvnoticias.mx\/index.php\/wp-json\/wp\/v2\/types\/post"}],"author":[{"embeddable":true,"href":"https:\/\/nvnoticias.mx\/index.php\/wp-json\/wp\/v2\/users\/8"}],"replies":[{"embeddable":true,"href":"https:\/\/nvnoticias.mx\/index.php\/wp-json\/wp\/v2\/comments?post=175296"}],"version-history":[{"count":1,"href":"https:\/\/nvnoticias.mx\/index.php\/wp-json\/wp\/v2\/posts\/175296\/revisions"}],"predecessor-version":[{"id":175298,"href":"https:\/\/nvnoticias.mx\/index.php\/wp-json\/wp\/v2\/posts\/175296\/revisions\/175298"}],"wp:featuredmedia":[{"embeddable":true,"href":"https:\/\/nvnoticias.mx\/index.php\/wp-json\/wp\/v2\/media\/175297"}],"wp:attachment":[{"href":"https:\/\/nvnoticias.mx\/index.php\/wp-json\/wp\/v2\/media?parent=175296"}],"wp:term":[{"taxonomy":"category","embeddable":true,"href":"https:\/\/nvnoticias.mx\/index.php\/wp-json\/wp\/v2\/categories?post=175296"},{"taxonomy":"post_tag","embeddable":true,"href":"https:\/\/nvnoticias.mx\/index.php\/wp-json\/wp\/v2\/tags?post=175296"}],"curies":[{"name":"wp","href":"https:\/\/api.w.org\/{rel}","templated":true}]}}