{"id":175245,"date":"2025-03-05T13:37:49","date_gmt":"2025-03-05T19:37:49","guid":{"rendered":"https:\/\/nvnoticias.mx\/?p=175245"},"modified":"2025-03-05T13:37:50","modified_gmt":"2025-03-05T19:37:50","slug":"respalda-clara-brugada-a-claudia-sheinbaum-ante-aranceles-de-eu","status":"publish","type":"post","link":"https:\/\/nvnoticias.mx\/index.php\/2025\/03\/05\/respalda-clara-brugada-a-claudia-sheinbaum-ante-aranceles-de-eu\/","title":{"rendered":"Respalda Clara Brugada  a Claudia Sheinbaum ante aranceles de EU"},"content":{"rendered":"\n<p>La jefa de gobierno de la Ciudad de M\u00e9xico, Clara Brugada Molina, y los titulares de la alcald\u00edas expresaron su respaldo a la presidenta Claudia Sheinbaum Pardo, ante la acci\u00f3n unilateral de la administraci\u00f3n de Donald Trump en Estados Unidos, de imponer aranceles de 25 por ciento a las exportaciones mexicanas al vecino pa\u00eds del norte.<\/p>\n\n\n\n<p>Por segundo, d\u00eda consecutivo la titular del ejecutivo local hizo un llamado a la unidad y convoc\u00f3 a los capitalinos a asistir a la asamblea informativa del pr\u00f3ximo domingo en la que la presidenta dar\u00e1 a respuesta al gobierno estadunidense.<\/p>\n\n\n\n<p>En un acto realizado en el Antiguo Palacio del Ayuntamiento y acompa\u00f1ada de su gabinete y 13 alcaldes, Brugada Molina, ley\u00f3 un pronunciamiento en el que manifest\u00f3 que las autoridades electas democr\u00e1ticamente de la ciudad manifestaron su \u201cfirme voluntad y decisi\u00f3n de defender a M\u00e9xico, a su soberan\u00eda y a su econom\u00eda.<\/p>\n\n\n\n<p>\u201cNos unimos al llamado a la unidad nacional de la Presidenta Constitucional de los Estados Unidos Mexicanos, la doctora Claudia Sheinbaum Pardo. Nos unimos a la defensa de M\u00e9xico, sin reservas ni condiciones\u201d, manifest\u00f3.<\/p>\n\n\n\n<p>En su mensaje, expres\u00f3 que M\u00e9xico es un pa\u00eds libre, democr\u00e1tico e independiente, que establece relaciones de respeto, di\u00e1logo y cooperaci\u00f3n con las naciones del mundo; con plena soberan\u00eda y con base en el principio de igualdad entre las naciones.<\/p>\n\n\n\n<p>En ese tenor expres\u00f3 su apoyo al rechazo expresado por el gobierno mexicano a la \u201cimposici\u00f3n unilateral e ilegal\u201d de aranceles a los productos que M\u00e9xico exporta a Estados Unidos.<\/p>\n\n\n\n<p>\u201cNada justifica esta decisi\u00f3n unilateral y contraria al derecho, que afecta a la econom\u00eda de las tres naciones: M\u00e9xico, Estados Unidos y Canad\u00e1\u201d expres\u00f3 Brugada Molina.<\/p>\n\n\n\n<p>Asimismo, se pronunci\u00f3 por los principios de \u201ccooperaci\u00f3n y coordinaci\u00f3n, s\u00ed; subordinaci\u00f3n, intervencionismo, no\u201d, expresados por la presidenta Sheinbaum Pardo.<\/p>\n\n\n\n<p>\u201cA M\u00e9xico se le respeta, somos naciones iguales. Apoyamos el llamado a la cooperaci\u00f3n para afrontar los grandes desaf\u00edos que compartimos en la regi\u00f3n de Norteam\u00e9rica, porque \u00e9sta es la clave y no el aislamiento, lo que nos permitir\u00e1 encontrar soluciones que atiendan las causas y no solo sus manifestaciones\u201d, abund\u00f3 la mandataria capitalina.<\/p>\n\n\n\n<p>Se trata tambi\u00e9n, dijo, de la defensa de la ciudad y su econom\u00eda; sus trabajadores, empresarios y emprendedores, al recalcar que la capital tiene la mayor econom\u00eda del pa\u00eds; es epicentro de inversi\u00f3n y negocios, es generadora de riqueza y prosperidad; contribuye con el 16 por ciento al Producto Interno Bruto del pa\u00eds, lo que la coloca en el primer lugar nacional.<\/p>\n\n\n\n<p>\u201cNos ponemos de pie a defender a la ciudad y a sus habitantes. Nos ponemos de pie para defender la econom\u00eda de las familias. Nos unimos para trabajar con los sectores productivos, en acciones y estrategias que nos permitan disminuir los efectos adversos sobre la econom\u00eda de la ciudad\u201d.<\/p>\n\n\n\n<p>Fuente: La <a href=\"https:\/\/www.jornada.com.mx\/noticia\/2025\/03\/05\/capital\/clara-brugada-respalda-a-claudia-sheinbaum-ante-aranceles-de-eu\">Jornada<\/a> <\/p>\n\n\n\n<p><\/p>\n\n\n\n<p><\/p>\n\n\n\n<p><\/p>\n\n\n\n<p><\/p>\n","protected":false},"excerpt":{"rendered":"<p>La jefa de gobierno de la Ciudad de M\u00e9xico, Clara Brugada Molina, y los titulares de la alcald\u00edas expresaron su respaldo a la presidenta Claudia Sheinbaum Pardo, ante la acci\u00f3n unilateral de la administraci\u00f3n de Donald Trump en Estados Unidos, de imponer aranceles de 25 por ciento a las exportaciones mexicanas al vecino pa\u00eds del [&hellip;]<\/p>\n","protected":false},"author":35,"featured_media":175246,"comment_status":"open","ping_status":"open","sticky":false,"template":"","format":"standard","meta":{"_monsterinsights_skip_tracking":false,"_monsterinsights_sitenote_active":false,"_monsterinsights_sitenote_note":"","_monsterinsights_sitenote_category":0,"footnotes":""},"categories":[158],"tags":[20034,2801,183],"class_list":["post-175245","post","type-post","status-publish","format-standard","has-post-thumbnail","hentry","category-politica","tag-clara-brugada","tag-claudia-sheinbaum","tag-estados-unidos","wp-image-borders"],"amp_enabled":true,"_links":{"self":[{"href":"https:\/\/nvnoticias.mx\/index.php\/wp-json\/wp\/v2\/posts\/175245","targetHints":{"allow":["GET"]}}],"collection":[{"href":"https:\/\/nvnoticias.mx\/index.php\/wp-json\/wp\/v2\/posts"}],"about":[{"href":"https:\/\/nvnoticias.mx\/index.php\/wp-json\/wp\/v2\/types\/post"}],"author":[{"embeddable":true,"href":"https:\/\/nvnoticias.mx\/index.php\/wp-json\/wp\/v2\/users\/35"}],"replies":[{"embeddable":true,"href":"https:\/\/nvnoticias.mx\/index.php\/wp-json\/wp\/v2\/comments?post=175245"}],"version-history":[{"count":4,"href":"https:\/\/nvnoticias.mx\/index.php\/wp-json\/wp\/v2\/posts\/175245\/revisions"}],"predecessor-version":[{"id":175250,"href":"https:\/\/nvnoticias.mx\/index.php\/wp-json\/wp\/v2\/posts\/175245\/revisions\/175250"}],"wp:featuredmedia":[{"embeddable":true,"href":"https:\/\/nvnoticias.mx\/index.php\/wp-json\/wp\/v2\/media\/175246"}],"wp:attachment":[{"href":"https:\/\/nvnoticias.mx\/index.php\/wp-json\/wp\/v2\/media?parent=175245"}],"wp:term":[{"taxonomy":"category","embeddable":true,"href":"https:\/\/nvnoticias.mx\/index.php\/wp-json\/wp\/v2\/categories?post=175245"},{"taxonomy":"post_tag","embeddable":true,"href":"https:\/\/nvnoticias.mx\/index.php\/wp-json\/wp\/v2\/tags?post=175245"}],"curies":[{"name":"wp","href":"https:\/\/api.w.org\/{rel}","templated":true}]}}