{"id":175170,"date":"2025-03-04T15:23:52","date_gmt":"2025-03-04T21:23:52","guid":{"rendered":"https:\/\/nvnoticias.mx\/?p=175170"},"modified":"2025-03-04T15:23:53","modified_gmt":"2025-03-04T21:23:53","slug":"ariana-grande-dice-que-el-apoyo-de-ethan-slater-es-un-regalo-para-ella","status":"publish","type":"post","link":"https:\/\/nvnoticias.mx\/index.php\/2025\/03\/04\/ariana-grande-dice-que-el-apoyo-de-ethan-slater-es-un-regalo-para-ella\/","title":{"rendered":"Ariana Grande dice que el apoyo de Ethan Slater es &#8216;un regalo&#8217; para ella"},"content":{"rendered":"\n<p>La cantante, de 31 a\u00f1os, mantiene una relaci\u00f3n rom\u00e1ntica con su coprotagonista de &#8216;Wicked&#8217;, Ethan Slater, desde que se conocieron en el rodaje del musical en el verano de 2023.<\/p>\n\n\n\n<p>Justo antes de la entrega de los \u00d3scar, el domingo (02.03.25), dijo al programa de televisi\u00f3n estadounidense &#8216;Extra&#8217;: &#8220;Vamos a calentarnos pronto, pero ten\u00eda que venir a saludarlos y celebrar con todos ustedes. El apoyo de Ethan ha sido un regalo&#8230; Es muy dulce&#8221;.<\/p>\n\n\n\n<p>La int\u00e9rprete de &#8216;Into You&#8217; tambi\u00e9n indic\u00f3 que llev\u00f3 a su madre como acompa\u00f1ante y que todo le pareci\u00f3 un &#8220;momento de celebraci\u00f3n&#8221; tras conseguir una nominaci\u00f3n a la mejor actriz de reparto.<\/p>\n\n\n\n<p>Dijo: &#8220;Mi madre est\u00e1 guap\u00edsima&#8230; Nos hace mucha ilusi\u00f3n celebrarlo. Es un momento de celebraci\u00f3n&#8230; Es algo que ocurre una vez en la vida, as\u00ed que ten\u00eda que traer a mi madre&#8221;.<\/p>\n\n\n\n<p>Al final, Ariana perdi\u00f3 el \u00d3scar en favor de Zoe Salda\u00f1a por &#8216;Emilia P\u00e9rez&#8217;, pero de todos modos no ten\u00eda previsto quedarse hasta tarde, ya que ten\u00eda que concentrarse en el trabajo a la ma\u00f1ana siguiente.<\/p>\n\n\n\n<p>Se\u00f1al\u00f3: &#8220;Me tomar\u00e9 un caf\u00e9 y me pondr\u00e9 a trabajar&#8221;.<\/p>\n\n\n\n<p><\/p>\n\n\n\n<p><\/p>\n","protected":false},"excerpt":{"rendered":"<p>La cantante, de 31 a\u00f1os, mantiene una relaci\u00f3n rom\u00e1ntica con su coprotagonista de &#8216;Wicked&#8217;, Ethan Slater, desde que se conocieron en el rodaje del musical en el verano de 2023. Justo antes de la entrega de los \u00d3scar, el domingo (02.03.25), dijo al programa de televisi\u00f3n estadounidense &#8216;Extra&#8217;: &#8220;Vamos a calentarnos pronto, pero ten\u00eda que [&hellip;]<\/p>\n","protected":false},"author":35,"featured_media":175174,"comment_status":"open","ping_status":"open","sticky":false,"template":"","format":"standard","meta":{"_monsterinsights_skip_tracking":false,"_monsterinsights_sitenote_active":false,"_monsterinsights_sitenote_note":"","_monsterinsights_sitenote_category":0,"footnotes":""},"categories":[576],"tags":[23,31707],"class_list":["post-175170","post","type-post","status-publish","format-standard","has-post-thumbnail","hentry","category-ocio","tag-ariana-grande","tag-ethan-slater","wp-image-borders"],"amp_enabled":true,"_links":{"self":[{"href":"https:\/\/nvnoticias.mx\/index.php\/wp-json\/wp\/v2\/posts\/175170","targetHints":{"allow":["GET"]}}],"collection":[{"href":"https:\/\/nvnoticias.mx\/index.php\/wp-json\/wp\/v2\/posts"}],"about":[{"href":"https:\/\/nvnoticias.mx\/index.php\/wp-json\/wp\/v2\/types\/post"}],"author":[{"embeddable":true,"href":"https:\/\/nvnoticias.mx\/index.php\/wp-json\/wp\/v2\/users\/35"}],"replies":[{"embeddable":true,"href":"https:\/\/nvnoticias.mx\/index.php\/wp-json\/wp\/v2\/comments?post=175170"}],"version-history":[{"count":3,"href":"https:\/\/nvnoticias.mx\/index.php\/wp-json\/wp\/v2\/posts\/175170\/revisions"}],"predecessor-version":[{"id":175173,"href":"https:\/\/nvnoticias.mx\/index.php\/wp-json\/wp\/v2\/posts\/175170\/revisions\/175173"}],"wp:featuredmedia":[{"embeddable":true,"href":"https:\/\/nvnoticias.mx\/index.php\/wp-json\/wp\/v2\/media\/175174"}],"wp:attachment":[{"href":"https:\/\/nvnoticias.mx\/index.php\/wp-json\/wp\/v2\/media?parent=175170"}],"wp:term":[{"taxonomy":"category","embeddable":true,"href":"https:\/\/nvnoticias.mx\/index.php\/wp-json\/wp\/v2\/categories?post=175170"},{"taxonomy":"post_tag","embeddable":true,"href":"https:\/\/nvnoticias.mx\/index.php\/wp-json\/wp\/v2\/tags?post=175170"}],"curies":[{"name":"wp","href":"https:\/\/api.w.org\/{rel}","templated":true}]}}