{"id":174894,"date":"2025-03-03T09:27:03","date_gmt":"2025-03-03T15:27:03","guid":{"rendered":"https:\/\/nvnoticias.mx\/?p=174894"},"modified":"2025-03-03T09:27:05","modified_gmt":"2025-03-03T15:27:05","slug":"8m-2025","status":"publish","type":"post","link":"https:\/\/nvnoticias.mx\/index.php\/2025\/03\/03\/8m-2025\/","title":{"rendered":"8M 2025"},"content":{"rendered":"\n<p><\/p>\n\n\n\n<p><\/p>\n\n\n\n<div class=\"wp-block-group\"><div class=\"wp-block-group__inner-container is-layout-constrained wp-block-group-is-layout-constrained\">\n<figure class=\"wp-block-pullquote\"><blockquote><p>Alguien como t\u00fa<br><strong>Gladys P\u00e9rez Maldonado<\/strong><\/p><\/blockquote><\/figure>\n<\/div><\/div>\n\n\n\n<p>De cara a la conmemoraci\u00f3n del <em>8M<\/em> hagamos un corte de caja, pues los D\u00edas Internacionales han sido establecidos para sensibilizar y hacer una llamada de atenci\u00f3n a los Gobiernos y a la sociedad civil de qu\u00e9 falta por hacer o si se ha hecho algo&#8230;<\/p>\n\n\n\n<p>La dignificaci\u00f3n o empoderamiento de las mujeres comenz\u00f3 a tomar fuerza con los movimientos feministas de los a\u00f1os sesenta y setenta, en el marco de la llamada 2\u00aa oleada del feminismo. Esta segunda fase del feminismo se encuentra del siglo XIX a inicios del XX, y es conocida como <em>el movimiento sufragista<\/em> que busc\u00f3 consolidar el derecho de ciudadan\u00eda para las mujeres.<\/p>\n\n\n\n<p>Durante la Presidencia de Don Adolfo Ruiz Cortines, el 17 de octubre de 1953 fueron publicadas en el Diario Oficial de la Federaci\u00f3n las reformas al art\u00edculo 34 constitucional y las modificaciones al diverso 115 que otorgaron el derecho al voto a la mujer y a aspirar a cargos de elecci\u00f3n popular en todas las elecciones.<\/p>\n\n\n\n<p>Setenta y un a\u00f1os despu\u00e9s el movimiento feminista mexicano recuerda con agradecimiento el activismo pol\u00edtico en este rubro de <em>Elvia Carrillo Puerto<\/em>, yucateca de nacimiento, ella, fue parte del movimiento de mujeres mexicanas que lucharon por sus derechos pol\u00edticos durante y despu\u00e9s de la Revoluci\u00f3n Mexicana, trayectoria que enarbolaremos en otra oportunidad.<\/p>\n\n\n\n<p>Aquellas mujeres sufragistas que lucharon porque alcanz\u00e1ramos la ciudadan\u00eda y fueran respetados los derechos pol\u00edticos de nosotras, est\u00e1n de festejo en el marco del <em>D\u00eda Internacional de la Mujer<\/em>, pues ostentamos el m\u00e1s alto rango pol\u00edtico que cualquiera aspira, tenemos a la primera Presidenta de la Rep\u00fablica, la Doctora Claudia Sheinbaum Pardo.<\/p>\n\n\n\n<p>Este triunfo se lo debemos a todas aquellas que sin detenimiento han luchado por el respeto de los derechos humanos de nosotras, a aquellas que han derramado la sangre en las marchas p\u00fablicas&nbsp; exigiendo que nos volteen a ver para erradicar la violencia&nbsp; de g\u00e9nero en nuestra comunidad, para que se nos permita ocupar empleos p\u00fablicos y privados siendo competitivas con nuestra preparaci\u00f3n acad\u00e9mica y profesional, entre otras.<\/p>\n\n\n\n<p>El posesionamiento de una mujer en la Presidencia de la Rep\u00fablica es resultado del movimiento feminista mexicano contra la exclusi\u00f3n pol\u00edtica de las mujeres, sin duda, y contra cualquier expectativa equivocada de desconfianza que efectivamente una mujer actuara en defensa de los derechos humanos de nosotras, desde el primer discurso dirigido a la poblaci\u00f3n como Presidenta en funciones, Sheinbaum se comprometi\u00f3 a presentar varias iniciativas de reforma constitucional en materia de igualdad sustantiva, perspectiva de g\u00e9nero, derechos de las mujeres a una vida libre de violencia y erradicaci\u00f3n de la brecha salarial por razones de g\u00e9nero y promover la participaci\u00f3n de las mujeres en puestos de liderazgo.<\/p>\n\n\n\n<p>As\u00ed, despu\u00e9s del debido proceso legislativo en el Congreso de la Uni\u00f3n, el 15 de noviembre 2024, fue publicado en el Diario Oficial de la Federaci\u00f3n el Decreto Constitucional que garantiza la igualdad sustantiva para las mujeres mexicanas, se reformaron los art\u00edculos 4; 21; 41; 73; 116; 122 y 123 de la Constituci\u00f3n Pol\u00edtica de los Estados Unidos Mexicanos para ampliar los derechos de las mujeres.<\/p>\n\n\n\n<p>Estas reformas llevan a M\u00e9xico a la vanguardia a nivel regional y global en el tema de erradicar la desigualdad milenaria de las mujeres.<\/p>\n\n\n\n<p>Aunado a lo anterior, con motivo de la conmemoraci\u00f3n del <em>D\u00eda Internacional&nbsp; para la Eliminaci\u00f3n de la Violencia contra la Mujer<\/em>, la Presidenta Sheinbaum Pardo, dio un paso decisivo para erradicar la violencia contra las mujeres con el arranque de la campa\u00f1a nacional permanente: <em>Es tiempo de Mujeres sin violencia.<\/em><\/p>\n\n\n\n<p>Con esta campa\u00f1a se impulsa una transformaci\u00f3n profunda no solo de leyes e instituciones, sino tambien generar conciencia en todos los sectores del \u00e1mbito p\u00fablico y privado, colocando la igualdad y el respeto como principios fundamentales de la sociedad, esto es, erradicar actitudes que parecen normales, pero no lo son y transformar as\u00ed la cultura violenta patriarcal desde la ra\u00edz.<\/p>\n\n\n\n<p>Adem\u00e1s, el gobierno mexicano denomin\u00f3 &nbsp;<em>2025 A\u00f1o de la Mujer Ind\u00edgena<\/em>, enalteciendo a las mujeres que pertenecen a este grupo de atenci\u00f3n prioritaria.<\/p>\n\n\n\n<p>Despu\u00e9s de 84 hombres que han ocupado la silla del Ejecutivo estatal veracruzana, la puerta n\u00famero 85 de la historia de nuestra Entidad se abri\u00f3 a una mujer.<\/p>\n\n\n\n<p><em>Norma Roc\u00edo Nahle Garc\u00eda<\/em>, fue electa como la primera Gobernadora del Estado de Veracruz.<\/p>\n\n\n\n<p>En materia de Justicia para las Mujeres, la Gobernadora Roc\u00edo Nahle anunci\u00f3 que en el presupuesto de egresos 2025, se ha contemplado un aumento del 18% m\u00e1s, que se traduce en m\u00e1s de 400 millones de pesos mexicanos, para iniciar con la construcci\u00f3n de cuatro <em>Centros de Justicia para las Mujeres (CJM)<\/em>, distribuidos en el territorio veracruzano, quedando en funcionamiento el existente <em>Centro de Justicia para las Mujeres <\/em>cito en la ciudad de Xalapa.<\/p>\n\n\n\n<p>&nbsp;&nbsp;&nbsp;&nbsp;&nbsp;&nbsp;&nbsp;&nbsp;&nbsp;&nbsp;&nbsp; Roc\u00edo Nahle tambi\u00e9n dio a conocer, el cambio de denominaci\u00f3n de la actual <em>Fiscal\u00eda Especializada para la Atenci\u00f3n de Violencia contra las Mujeres <\/em>a la que se le agregar\u00e1: <em>para erradicar el Feminicidio.<\/em><\/p>\n\n\n\n<p><em>&nbsp;&nbsp;&nbsp;&nbsp;&nbsp;&nbsp;&nbsp;&nbsp;&nbsp;&nbsp;&nbsp; <\/em>Esta acci\u00f3n fue tomada de manera prioritaria con la situaci\u00f3n que priva en el estado, pues de acuerdo a cifras del Secretariado Ejecutivo del Sistema Nacional de Seguridad P\u00fablica (SESNSP) de los 773 feminicidios que se han perpetrado de enero a noviembre de 2024 en todo pa\u00eds, Veracruz es la cuarta entidad con mayor incidencia, con 51 casos.<\/p>\n\n\n\n<p>Una de las conductas m\u00e1s graves de violencia en contra de la mujer, es cuando se le priva de la vida por el solo hecho de serlo, atentando contra su dignidad en la comisi\u00f3n del hecho delictivo, violarla sexualmente, golpearla, apu\u00f1alarla o ahorcarla hasta el \u00faltimo suspiro, desollarla y botar su cuerpo desnudo en un lugar p\u00fablico, a eso se le llama <em>feminicidio<\/em>.<\/p>\n\n\n\n<p>En la pen\u00faltima semana de&nbsp; 2024, Nahle Garc\u00eda anunci\u00f3 la convocatoria para nombrar una titular en el Instituto Veracruzano de las Mujeres, la cual ha estado ac\u00e9fala durante los \u00faltimos seis a\u00f1os por falta de inter\u00e9s de la autoridad estatal en coadyuvar a erradicar las desigualdades y las violencias de g\u00e9nero a pesar de los datos duros.<\/p>\n\n\n\n<p>La intenci\u00f3n de esta edici\u00f3n de <em>Alguien como t\u00fa<\/em> , es engrandecer los logros de la lucha feminista que abri\u00f3 de forma in\u00e9dita espacios p\u00fablicos a la mujer. M\u00e9xico y Veracruz han ganado con las acciones afirmativas a favor de las mujeres y las ni\u00f1as hasta ahora implementadas por Claudia Sheinbaum y Roc\u00edo Nahle\u2026<\/p>\n","protected":false},"excerpt":{"rendered":"<p>Alguien como t\u00faGladys P\u00e9rez Maldonado De cara a la conmemoraci\u00f3n del 8M hagamos un corte de caja, pues los D\u00edas Internacionales han sido establecidos para sensibilizar y hacer una llamada de atenci\u00f3n a los Gobiernos y a la sociedad civil de qu\u00e9 falta por hacer o si se ha hecho algo&#8230; La dignificaci\u00f3n o empoderamiento [&hellip;]<\/p>\n","protected":false},"author":45,"featured_media":174895,"comment_status":"open","ping_status":"open","sticky":false,"template":"","format":"standard","meta":{"_monsterinsights_skip_tracking":false,"_monsterinsights_sitenote_active":false,"_monsterinsights_sitenote_note":"","_monsterinsights_sitenote_category":0,"footnotes":""},"categories":[15405],"tags":[15415],"class_list":["post-174894","post","type-post","status-publish","format-standard","has-post-thumbnail","hentry","category-alguien-como-tu","tag-gladys-perez-maldonado","wp-image-borders"],"amp_enabled":true,"_links":{"self":[{"href":"https:\/\/nvnoticias.mx\/index.php\/wp-json\/wp\/v2\/posts\/174894","targetHints":{"allow":["GET"]}}],"collection":[{"href":"https:\/\/nvnoticias.mx\/index.php\/wp-json\/wp\/v2\/posts"}],"about":[{"href":"https:\/\/nvnoticias.mx\/index.php\/wp-json\/wp\/v2\/types\/post"}],"author":[{"embeddable":true,"href":"https:\/\/nvnoticias.mx\/index.php\/wp-json\/wp\/v2\/users\/45"}],"replies":[{"embeddable":true,"href":"https:\/\/nvnoticias.mx\/index.php\/wp-json\/wp\/v2\/comments?post=174894"}],"version-history":[{"count":1,"href":"https:\/\/nvnoticias.mx\/index.php\/wp-json\/wp\/v2\/posts\/174894\/revisions"}],"predecessor-version":[{"id":174896,"href":"https:\/\/nvnoticias.mx\/index.php\/wp-json\/wp\/v2\/posts\/174894\/revisions\/174896"}],"wp:featuredmedia":[{"embeddable":true,"href":"https:\/\/nvnoticias.mx\/index.php\/wp-json\/wp\/v2\/media\/174895"}],"wp:attachment":[{"href":"https:\/\/nvnoticias.mx\/index.php\/wp-json\/wp\/v2\/media?parent=174894"}],"wp:term":[{"taxonomy":"category","embeddable":true,"href":"https:\/\/nvnoticias.mx\/index.php\/wp-json\/wp\/v2\/categories?post=174894"},{"taxonomy":"post_tag","embeddable":true,"href":"https:\/\/nvnoticias.mx\/index.php\/wp-json\/wp\/v2\/tags?post=174894"}],"curies":[{"name":"wp","href":"https:\/\/api.w.org\/{rel}","templated":true}]}}