{"id":17487,"date":"2021-06-30T21:55:03","date_gmt":"2021-07-01T02:55:03","guid":{"rendered":"https:\/\/nvnoticias.mx\/?p=17487"},"modified":"2021-06-30T21:55:04","modified_gmt":"2021-07-01T02:55:04","slug":"se-queda-conalep-de-coatzacoalcos-sin-luz-y-mas-de-900-alumnos-se-quedan-sin-clases-en-linea","status":"publish","type":"post","link":"https:\/\/nvnoticias.mx\/index.php\/2021\/06\/30\/se-queda-conalep-de-coatzacoalcos-sin-luz-y-mas-de-900-alumnos-se-quedan-sin-clases-en-linea\/","title":{"rendered":"Se queda Conalep de Coatzacoalcos sin luz y m\u00e1s de 900 alumnos se quedan sin clases en l\u00ednea"},"content":{"rendered":"\n<p><strong>Julio Escobar \/ NV Noticias <\/strong><\/p>\n\n\n\n<p>Por un periodo de 24 horas el Colegio Nacional de Educaci\u00f3n Profesional T\u00e9cnica (Conalep), campus Coatzacoalcos se qued\u00f3 sin el servicio de energ\u00eda el\u00e9ctrica, por lo que m\u00e1s de 900 alumnos no pudieron recibir sus clases en l\u00ednea.<\/p>\n\n\n\n<p>La jefa del \u00e1rea de promoci\u00f3n y vinculaci\u00f3n del plantel Conalep 058 \u201cJuan Osorio L\u00f3pez\u201d Mar\u00eda Julia Delgado, declar\u00f3 que esta situaci\u00f3n tambi\u00e9n retras\u00f3 a los docentes para subir calificaciones al sistema, al igual que el emitir la documentaci\u00f3n de los j\u00f3venes egresados.<\/p>\n\n\n\n<blockquote class=\"wp-block-quote is-layout-flow wp-block-quote-is-layout-flow\"><p>\u201cEstamos un poco parados en subir calificaciones, las clases virtuales, pero ya se dirigieron los oficios correspondientes para que comisi\u00f3n nos apoye en ese aspecto, esperemos que no tarden mucho porque los m\u00e1s afectados son los chicos con sus clases virtuales\u201d, coment\u00f3.<\/p><\/blockquote>\n\n\n\n<p>Explic\u00f3 que por fallas en un transformador se quedaron sin energ\u00eda el\u00e9ctrica, retrasando la aplicaci\u00f3n del examen de admisi\u00f3n de algunos j\u00f3venes que decidieron realizar la prueba de manera virtual.<\/p>\n\n\n\n<blockquote class=\"wp-block-quote is-layout-flow wp-block-quote-is-layout-flow\"><p>\u201cTenemos 952 alumnos y desde hace dos d\u00edas est\u00e1n siendo afectados, ahorita el examen de admisi\u00f3n se ha estado haciendo hibrido, es decir presencial y en l\u00ednea, ellos mismos seleccionan como van a querer su examen, actualmente tuvimos el primer examen y fue hibrido, teniendo 50 alumnos presenciales y los dem\u00e1s estuvieron en l\u00ednea\u201d, apunt\u00f3.<\/p><\/blockquote>\n\n\n\n<p>Ser\u00e1 el pr\u00f3ximo 6 de julio cuando se den a conocer los resultados de esta primera prueba de admisi\u00f3n para el nuevo ciclo escolar, donde se pretende que sean admitidos m\u00e1s de 600 j\u00f3venes para continuar con su preparaci\u00f3n acad\u00e9mica.<\/p>\n","protected":false},"excerpt":{"rendered":"<p>Julio Escobar \/ NV Noticias Por un periodo de 24 horas el Colegio Nacional de Educaci\u00f3n Profesional T\u00e9cnica (Conalep), campus Coatzacoalcos se qued\u00f3 sin el servicio de energ\u00eda el\u00e9ctrica, por lo que m\u00e1s de 900 alumnos no pudieron recibir sus clases en l\u00ednea. La jefa del \u00e1rea de promoci\u00f3n y vinculaci\u00f3n del plantel Conalep 058 [&hellip;]<\/p>\n","protected":false},"author":7,"featured_media":17488,"comment_status":"open","ping_status":"open","sticky":false,"template":"","format":"standard","meta":{"_monsterinsights_skip_tracking":false,"_monsterinsights_sitenote_active":false,"_monsterinsights_sitenote_note":"","_monsterinsights_sitenote_category":0,"footnotes":""},"categories":[156],"tags":[1885,438,504,4734,4733,951],"class_list":["post-17487","post","type-post","status-publish","format-standard","has-post-thumbnail","hentry","category-estado","tag-alumnos","tag-clases-en-linea","tag-coatzacoalcos","tag-colegio-nacional-de-educacion-profesional-tecnica","tag-conalep","tag-luz","wp-image-borders"],"amp_enabled":true,"_links":{"self":[{"href":"https:\/\/nvnoticias.mx\/index.php\/wp-json\/wp\/v2\/posts\/17487","targetHints":{"allow":["GET"]}}],"collection":[{"href":"https:\/\/nvnoticias.mx\/index.php\/wp-json\/wp\/v2\/posts"}],"about":[{"href":"https:\/\/nvnoticias.mx\/index.php\/wp-json\/wp\/v2\/types\/post"}],"author":[{"embeddable":true,"href":"https:\/\/nvnoticias.mx\/index.php\/wp-json\/wp\/v2\/users\/7"}],"replies":[{"embeddable":true,"href":"https:\/\/nvnoticias.mx\/index.php\/wp-json\/wp\/v2\/comments?post=17487"}],"version-history":[{"count":1,"href":"https:\/\/nvnoticias.mx\/index.php\/wp-json\/wp\/v2\/posts\/17487\/revisions"}],"predecessor-version":[{"id":17489,"href":"https:\/\/nvnoticias.mx\/index.php\/wp-json\/wp\/v2\/posts\/17487\/revisions\/17489"}],"wp:featuredmedia":[{"embeddable":true,"href":"https:\/\/nvnoticias.mx\/index.php\/wp-json\/wp\/v2\/media\/17488"}],"wp:attachment":[{"href":"https:\/\/nvnoticias.mx\/index.php\/wp-json\/wp\/v2\/media?parent=17487"}],"wp:term":[{"taxonomy":"category","embeddable":true,"href":"https:\/\/nvnoticias.mx\/index.php\/wp-json\/wp\/v2\/categories?post=17487"},{"taxonomy":"post_tag","embeddable":true,"href":"https:\/\/nvnoticias.mx\/index.php\/wp-json\/wp\/v2\/tags?post=17487"}],"curies":[{"name":"wp","href":"https:\/\/api.w.org\/{rel}","templated":true}]}}