{"id":17477,"date":"2021-06-30T14:47:40","date_gmt":"2021-06-30T19:47:40","guid":{"rendered":"https:\/\/nvnoticias.mx\/?p=17477"},"modified":"2021-06-30T14:49:21","modified_gmt":"2021-06-30T19:49:21","slug":"celebraran-el-dia-del-veracruzano","status":"publish","type":"post","link":"https:\/\/nvnoticias.mx\/index.php\/2021\/06\/30\/celebraran-el-dia-del-veracruzano\/","title":{"rendered":"Celebrar\u00e1n \u2018El D\u00eda del Veracruzano\u2019"},"content":{"rendered":"\n<p><strong>Jes\u00fas Utrilla \/ NV Noticias<\/strong><\/p>\n\n\n\n<p>Veracruz. \u2013 &nbsp;M\u00fasica, baile, gastronom\u00eda y otros elementos ser\u00e1n los ingredientes perfectos para la celebraci\u00f3n del &#8220;D\u00eda del Veracruzano\u201d, organizado por la Asociaci\u00f3n Civil &#8220;Jarochos que Ayudan A C\u201d, acto que se llevar\u00e1 a cabo este pr\u00f3ximo s\u00e1bado 03 de julio en Ciudad, Ju\u00e1rez, Chihuahua.<\/p>\n\n\n\n<p>De acuerdo a los organizadores, dicho evento tendr\u00e1 lugar en la fecha antes mencionada en punto de las 6 de la tarde, <strong>en la avenida Henequ\u00e9n, entre las calles, Oaxaca y Sonora, justo en el monumento erguido en honor a los Veracruzanos.<\/strong><\/p>\n\n\n\n<p>El llamado es a disfrutar y a convivir de nuestra cultura, folclor y el deleite de nuestra rica y variada gastronom\u00eda, adem\u00e1s de un carnavalito presentado por el ballet &#8220;Ensamble&#8221; de Ciudad Ju\u00e1rez a cargo del maestro y Jarocho, Miguel \u00c1ngel Arenas, quien tambi\u00e9n nos deleitar\u00e1 con un mosaico de sones Veracruzanos.<\/p>\n\n\n\n<p><\/p>\n\n\n\n<figure class=\"wp-block-image size-large\"><img loading=\"lazy\" decoding=\"async\" width=\"731\" height=\"1024\" src=\"https:\/\/nvnoticias.mx\/wp-content\/uploads\/2021\/06\/PHOTO-2021-06-30-13-49-35-731x1024.jpg\" alt=\"\" class=\"wp-image-17480\" srcset=\"https:\/\/nvnoticias.mx\/wp-content\/uploads\/2021\/06\/PHOTO-2021-06-30-13-49-35-731x1024.jpg 731w, https:\/\/nvnoticias.mx\/wp-content\/uploads\/2021\/06\/PHOTO-2021-06-30-13-49-35-214x300.jpg 214w, https:\/\/nvnoticias.mx\/wp-content\/uploads\/2021\/06\/PHOTO-2021-06-30-13-49-35-768x1077.jpg 768w, https:\/\/nvnoticias.mx\/wp-content\/uploads\/2021\/06\/PHOTO-2021-06-30-13-49-35.jpg 941w\" sizes=\"auto, (max-width: 731px) 100vw, 731px\" \/><\/figure>\n\n\n\n<p>Es un acto sin precedente, pues lo que se busca es fortalecer nuestra idiosincrasia e inculcarles a las nuevas generaciones, as\u00ed como mostrarle al mundo nuestras costumbres y tradiciones, se\u00f1alaron los responsables del evento.<\/p>\n\n\n\n<p>Hay que recordar que hace poco m\u00e1s de dos d\u00e9cadas se dio el \u00e9xodo de veracruzanos a esa noble ciudad fronteriza, donde la gran mayor\u00eda han forjado su patrimonio y han optado por hacer de este pedazo de tierra su segunda patria.<\/p>\n\n\n\n<p>Cabe hacer menci\u00f3n que en este tipo de evento se ha contado con el apoyo incondicional de algunas personalidades del \u00e1mbito p\u00fablico y privado para que se lleve a cabo.<\/p>\n\n\n\n<p>Por \u00faltimo, recomiendan llevar su cubre bocas y guardar su sana distancia como lo establecen los protocolos de seguridad emitidos por las autoridades sanitarias.<\/p>\n","protected":false},"excerpt":{"rendered":"<p>Jes\u00fas Utrilla \/ NV Noticias Veracruz. \u2013 &nbsp;M\u00fasica, baile, gastronom\u00eda y otros elementos ser\u00e1n los ingredientes perfectos para la celebraci\u00f3n del &#8220;D\u00eda del Veracruzano\u201d, organizado por la Asociaci\u00f3n Civil &#8220;Jarochos que Ayudan A C\u201d, acto que se llevar\u00e1 a cabo este pr\u00f3ximo s\u00e1bado 03 de julio en Ciudad, Ju\u00e1rez, Chihuahua. De acuerdo a los organizadores, [&hellip;]<\/p>\n","protected":false},"author":6,"featured_media":17479,"comment_status":"open","ping_status":"open","sticky":false,"template":"","format":"standard","meta":{"_monsterinsights_skip_tracking":false,"_monsterinsights_sitenote_active":false,"_monsterinsights_sitenote_note":"","_monsterinsights_sitenote_category":0,"footnotes":""},"categories":[154],"tags":[3537],"class_list":["post-17477","post","type-post","status-publish","format-standard","has-post-thumbnail","hentry","category-veracruz","tag-veracruzano","wp-image-borders"],"amp_enabled":true,"_links":{"self":[{"href":"https:\/\/nvnoticias.mx\/index.php\/wp-json\/wp\/v2\/posts\/17477","targetHints":{"allow":["GET"]}}],"collection":[{"href":"https:\/\/nvnoticias.mx\/index.php\/wp-json\/wp\/v2\/posts"}],"about":[{"href":"https:\/\/nvnoticias.mx\/index.php\/wp-json\/wp\/v2\/types\/post"}],"author":[{"embeddable":true,"href":"https:\/\/nvnoticias.mx\/index.php\/wp-json\/wp\/v2\/users\/6"}],"replies":[{"embeddable":true,"href":"https:\/\/nvnoticias.mx\/index.php\/wp-json\/wp\/v2\/comments?post=17477"}],"version-history":[{"count":2,"href":"https:\/\/nvnoticias.mx\/index.php\/wp-json\/wp\/v2\/posts\/17477\/revisions"}],"predecessor-version":[{"id":17481,"href":"https:\/\/nvnoticias.mx\/index.php\/wp-json\/wp\/v2\/posts\/17477\/revisions\/17481"}],"wp:featuredmedia":[{"embeddable":true,"href":"https:\/\/nvnoticias.mx\/index.php\/wp-json\/wp\/v2\/media\/17479"}],"wp:attachment":[{"href":"https:\/\/nvnoticias.mx\/index.php\/wp-json\/wp\/v2\/media?parent=17477"}],"wp:term":[{"taxonomy":"category","embeddable":true,"href":"https:\/\/nvnoticias.mx\/index.php\/wp-json\/wp\/v2\/categories?post=17477"},{"taxonomy":"post_tag","embeddable":true,"href":"https:\/\/nvnoticias.mx\/index.php\/wp-json\/wp\/v2\/tags?post=17477"}],"curies":[{"name":"wp","href":"https:\/\/api.w.org\/{rel}","templated":true}]}}