{"id":174721,"date":"2025-02-28T10:26:35","date_gmt":"2025-02-28T16:26:35","guid":{"rendered":"https:\/\/nvnoticias.mx\/?p=174721"},"modified":"2025-02-28T10:26:37","modified_gmt":"2025-02-28T16:26:37","slug":"dan-de-baja-a-empresa-en-congreso-de-veracruz","status":"publish","type":"post","link":"https:\/\/nvnoticias.mx\/index.php\/2025\/02\/28\/dan-de-baja-a-empresa-en-congreso-de-veracruz\/","title":{"rendered":"Dan de baja a empresa en Congreso de Veracruz"},"content":{"rendered":"\n<p><\/p>\n\n\n\n<p><strong>Sam Ojeda \/ NV Noticias<\/strong><\/p>\n\n\n\n<p>Xalapa.- La empresa contratada para la compra de despensas que se entregan a trabajadores ya fue desincorporada de los proveedores del Congreso de Veracruz.<\/p>\n\n\n\n<p>Al respecto, el presidente de la Junta de Coordinaci\u00f3n Pol\u00edtica (Jucopo) en el Congreso de Veracruz, Esteban Bautista Hern\u00e1ndez, inform\u00f3 que se tom\u00f3 esta decisi\u00f3n tras recibir informaci\u00f3n sobre la empresa.<\/p>\n\n\n\n<p>\u201cYa qued\u00f3 todo, ya qued\u00f3 todo listo, la empresa que surt\u00eda aqu\u00ed ya est\u00e1 desincorporada\u201d, se\u00f1al\u00f3 en atropellada entrevista. <\/p>\n\n\n\n<p>Previo a ello el diputado local se\u00f1al\u00f3 que entre las irregularidades detectadas en la gesti\u00f3n de la Legislatura pasada est\u00e1 el pago por 10 millones de pesos a una empresa encargada de surtir 700 despensas que se entregaban a trabajadores del Congreso de Veracruz. <\/p>\n\n\n\n<p>Se trata de la empresa Edenred M\u00e9xico que durante la pasada Legislatura recibi\u00f3 un contrato por 10 millones 305 mil 900 pesos para la adquisici\u00f3n de despensas. <\/p>\n\n\n\n<p>Sobre ello, indic\u00f3 que se reunir\u00eda con el \u00e1rea financiera para preguntar qu\u00e9 tipo de productos se entregaban pues el costo le parece excesivo. <\/p>\n\n\n\n<p>\u201cEncontramos que se destinaban como 10 millones de pesos para adquisici\u00f3n de apoyos de despensas a personal sindicalizados, tengo reuni\u00f3n con el \u00e1rea financiera para que me diga qu\u00e9 productos conten\u00edan las despensas que se les daban a los compa\u00f1eros\u201d, dijo.<\/p>\n\n\n\n<p><\/p>\n","protected":false},"excerpt":{"rendered":"<p>Sam Ojeda \/ NV Noticias Xalapa.- La empresa contratada para la compra de despensas que se entregan a trabajadores ya fue desincorporada de los proveedores del Congreso de Veracruz. Al respecto, el presidente de la Junta de Coordinaci\u00f3n Pol\u00edtica (Jucopo) en el Congreso de Veracruz, Esteban Bautista Hern\u00e1ndez, inform\u00f3 que se tom\u00f3 esta decisi\u00f3n tras [&hellip;]<\/p>\n","protected":false},"author":8,"featured_media":127181,"comment_status":"open","ping_status":"open","sticky":false,"template":"","format":"standard","meta":{"_monsterinsights_skip_tracking":false,"_monsterinsights_sitenote_active":false,"_monsterinsights_sitenote_note":"","_monsterinsights_sitenote_category":0,"footnotes":""},"categories":[156],"tags":[570,2199],"class_list":["post-174721","post","type-post","status-publish","format-standard","has-post-thumbnail","hentry","category-estado","tag-congreso-del-estado-de-veracruz","tag-jucopo","wp-image-borders"],"amp_enabled":true,"_links":{"self":[{"href":"https:\/\/nvnoticias.mx\/index.php\/wp-json\/wp\/v2\/posts\/174721","targetHints":{"allow":["GET"]}}],"collection":[{"href":"https:\/\/nvnoticias.mx\/index.php\/wp-json\/wp\/v2\/posts"}],"about":[{"href":"https:\/\/nvnoticias.mx\/index.php\/wp-json\/wp\/v2\/types\/post"}],"author":[{"embeddable":true,"href":"https:\/\/nvnoticias.mx\/index.php\/wp-json\/wp\/v2\/users\/8"}],"replies":[{"embeddable":true,"href":"https:\/\/nvnoticias.mx\/index.php\/wp-json\/wp\/v2\/comments?post=174721"}],"version-history":[{"count":1,"href":"https:\/\/nvnoticias.mx\/index.php\/wp-json\/wp\/v2\/posts\/174721\/revisions"}],"predecessor-version":[{"id":174723,"href":"https:\/\/nvnoticias.mx\/index.php\/wp-json\/wp\/v2\/posts\/174721\/revisions\/174723"}],"wp:featuredmedia":[{"embeddable":true,"href":"https:\/\/nvnoticias.mx\/index.php\/wp-json\/wp\/v2\/media\/127181"}],"wp:attachment":[{"href":"https:\/\/nvnoticias.mx\/index.php\/wp-json\/wp\/v2\/media?parent=174721"}],"wp:term":[{"taxonomy":"category","embeddable":true,"href":"https:\/\/nvnoticias.mx\/index.php\/wp-json\/wp\/v2\/categories?post=174721"},{"taxonomy":"post_tag","embeddable":true,"href":"https:\/\/nvnoticias.mx\/index.php\/wp-json\/wp\/v2\/tags?post=174721"}],"curies":[{"name":"wp","href":"https:\/\/api.w.org\/{rel}","templated":true}]}}