{"id":174614,"date":"2025-02-27T11:45:46","date_gmt":"2025-02-27T17:45:46","guid":{"rendered":"https:\/\/nvnoticias.mx\/?p=174614"},"modified":"2025-02-27T11:45:48","modified_gmt":"2025-02-27T17:45:48","slug":"revelan-primer-adelanto-de-shrek-5","status":"publish","type":"post","link":"https:\/\/nvnoticias.mx\/index.php\/2025\/02\/27\/revelan-primer-adelanto-de-shrek-5\/","title":{"rendered":"Revelan primer adelanto de &#8216;Shrek 5&#8217;"},"content":{"rendered":"\n<p>Se ha revelado&nbsp;<strong>el primer adelanto de la quinta entrega de&nbsp;<em>Shrek<\/em><\/strong>, una de las franquicias m\u00e1s esperadas y respetadas del cine de los \u00faltimos tiempos. Fue en las redes sociales de DreamWorks en donde se revelaron estas im\u00e1genes que desataron muchos comentarios.&nbsp;<\/p>\n\n\n\n<p>Fue alrededor de las 10 de la ma\u00f1ana de este jueves 27 de febrero cuando el nombre de\u00a0<strong><em>Shrek 5<\/em><\/strong>\u00a0comenz\u00f3 a ser tendencia en redes sociales y es que, el ogro del pantano y compa\u00f1\u00eda regresaron para la quinta pel\u00edcula.\u00a0<br><\/p>\n\n\n\n<p>En este primer tr\u00e1iler de tan solo unos pocos segundos podemos ver a Shrek, Fiona, su hija y burro frente al espejo m\u00e1gico. Sin embargo, podemos ver que las redes sociales han alcanzado a la animaci\u00f3n ya que notamos algunos memes con los personajes.\u00a0<\/p>\n\n\n\n<p>De acuerdo con la informaci\u00f3n revelada esta ma\u00f1ana, la quinta entrega de la franquicia<strong>\u00a0llegar\u00e1 a los cines del mundo en la Navidad de 2026.<\/strong>\u00a0Una de las grandes novedades para esta pel\u00edcula es la participaci\u00f3n de\u00a0<strong>Zendaya<\/strong>, quien prestar\u00e1 su voz para el personaje de la hija de Shrek y Fiona,\u00a0<\/p>\n\n\n\n<p>Fuente: <a href=\"https:\/\/amp.milenio.com\/espectaculos\/cine\/shrek-5-revelan-primer-adelanto-de-la-pelicula\">Milenio<\/a><\/p>\n\n\n\n<p><\/p>\n\n\n\n<p><\/p>\n\n\n\n<p><br><\/p>\n","protected":false},"excerpt":{"rendered":"<p>Se ha revelado&nbsp;el primer adelanto de la quinta entrega de&nbsp;Shrek, una de las franquicias m\u00e1s esperadas y respetadas del cine de los \u00faltimos tiempos. Fue en las redes sociales de DreamWorks en donde se revelaron estas im\u00e1genes que desataron muchos comentarios.&nbsp; Fue alrededor de las 10 de la ma\u00f1ana de este jueves 27 de febrero [&hellip;]<\/p>\n","protected":false},"author":35,"featured_media":174620,"comment_status":"open","ping_status":"open","sticky":false,"template":"","format":"standard","meta":{"_monsterinsights_skip_tracking":false,"_monsterinsights_sitenote_active":false,"_monsterinsights_sitenote_note":"","_monsterinsights_sitenote_category":0,"footnotes":""},"categories":[576],"tags":[3788,31690],"class_list":["post-174614","post","type-post","status-publish","format-standard","has-post-thumbnail","hentry","category-ocio","tag-shrek","tag-shrek-5","wp-image-borders"],"amp_enabled":true,"_links":{"self":[{"href":"https:\/\/nvnoticias.mx\/index.php\/wp-json\/wp\/v2\/posts\/174614","targetHints":{"allow":["GET"]}}],"collection":[{"href":"https:\/\/nvnoticias.mx\/index.php\/wp-json\/wp\/v2\/posts"}],"about":[{"href":"https:\/\/nvnoticias.mx\/index.php\/wp-json\/wp\/v2\/types\/post"}],"author":[{"embeddable":true,"href":"https:\/\/nvnoticias.mx\/index.php\/wp-json\/wp\/v2\/users\/35"}],"replies":[{"embeddable":true,"href":"https:\/\/nvnoticias.mx\/index.php\/wp-json\/wp\/v2\/comments?post=174614"}],"version-history":[{"count":6,"href":"https:\/\/nvnoticias.mx\/index.php\/wp-json\/wp\/v2\/posts\/174614\/revisions"}],"predecessor-version":[{"id":174621,"href":"https:\/\/nvnoticias.mx\/index.php\/wp-json\/wp\/v2\/posts\/174614\/revisions\/174621"}],"wp:featuredmedia":[{"embeddable":true,"href":"https:\/\/nvnoticias.mx\/index.php\/wp-json\/wp\/v2\/media\/174620"}],"wp:attachment":[{"href":"https:\/\/nvnoticias.mx\/index.php\/wp-json\/wp\/v2\/media?parent=174614"}],"wp:term":[{"taxonomy":"category","embeddable":true,"href":"https:\/\/nvnoticias.mx\/index.php\/wp-json\/wp\/v2\/categories?post=174614"},{"taxonomy":"post_tag","embeddable":true,"href":"https:\/\/nvnoticias.mx\/index.php\/wp-json\/wp\/v2\/tags?post=174614"}],"curies":[{"name":"wp","href":"https:\/\/api.w.org\/{rel}","templated":true}]}}