{"id":174536,"date":"2025-02-26T14:29:07","date_gmt":"2025-02-26T20:29:07","guid":{"rendered":"https:\/\/nvnoticias.mx\/?p=174536"},"modified":"2025-02-26T14:29:09","modified_gmt":"2025-02-26T20:29:09","slug":"kylie-jenner-se-despide-de-su-gran-amigo-jesus-guerrero","status":"publish","type":"post","link":"https:\/\/nvnoticias.mx\/index.php\/2025\/02\/26\/kylie-jenner-se-despide-de-su-gran-amigo-jesus-guerrero\/","title":{"rendered":"Kylie Jenner se despide de su gran amigo Jes\u00fas Guerrero"},"content":{"rendered":"\n<p>Kylie Jenner vive uno de los momentos m\u00e1s dif\u00edciles\u00a0de su vida personal y laboral. D\u00edas atr\u00e1s, la empresaria y modelo qued\u00f3 en shock al enterarse del\u00a0repentino fallecimiento del stylist Jes\u00fas Guerrero, a los 34 a\u00f1os. Una terrible noticia que fue confirmada el 23 de febrero por su hermana,\u00a0<strong>Gris Guerrero<\/strong>: &#8220;Con gran pesar anunciamos al mundo que Jes\u00fas Guerrero se ha ido al cielo. \u00c9l es hijo, hermano, t\u00edo, artista, amigo, y mucho m\u00e1s. \u00c9l aprendi\u00f3 a trabajar duro y so\u00f1aba con llevar sus habilidades a lo m\u00e1s alto. Desafortunadamente, su muerte ha llegado de forma repentina e inesperada&#8221;.<\/p>\n\n\n\n<p><\/p>\n\n\n\n<p> Impactada por la noticia que pronto se hizo viral, Kylie Jenner ha logrado ordenar sus pensamientos y plasmar en palabras una conmovedora despedida para quien, adem\u00e1s, fue su gran amigo.<\/p>\n\n\n\n<p>Junto a una galer\u00eda llena de recuerdos y momentos que crearon entre estudios y al rededor del mundo, Kylie expres\u00f3: &#8220;Jes\u00fas era m\u00e1s que mi amigo: era una luz en mi vida, una fuente de risa, consuelo, amor y apoyo inquebrantable. No s\u00e9 c\u00f3mo habr\u00eda sobrevivido durante la \u00faltima d\u00e9cada sin \u00e9l a mi lado. Ten\u00eda una manera de hacer que incluso los d\u00edas m\u00e1s pesados \u200b\u200bparecieran m\u00e1s livianos&#8221;.<\/p>\n\n\n\n<p>Entre los momentos de risas y complicidad, se aprecia a Kylie en su hogar, embarazada de su hijo\u00a0<strong>Aire\u00a0<\/strong>y cant\u00e1ndole a su amigo el\u00a0<em>Happy Birthday<\/em>para celebrar su vida. &#8220;Gracias, Jes\u00fas, por estar siempre ah\u00ed para m\u00ed, por levantarme, por ser mi amigo. El dolor de perderte es simplemente insoportable y no s\u00e9 c\u00f3mo seguir adelante sin ti, pero s\u00e9 que un gran dolor nace s\u00f3lo de un gran amor, y te am\u00e9 tanto&#8221;.<\/p>\n\n\n\n<p>Las causas de su <strong>fallecimiento son inciertas<\/strong>, lo \u00fanico que se sabes es que estuvo hospitalizado d\u00edas antes de partir. Su hermana, adem\u00e1s, pidi\u00f3 a la gente que lo conoc\u00eda que ayudara a la familia con donativos para cubrir los gastos del hospital, los cuales cit\u00f3 por 96 mil d\u00f3lares. Este grito de ayuda por parte de los Guerrero, motiv\u00f3 a Kylie a tener un gran gesto con la familia de su amigo, por lo que, seg\u00fan reportes de\u00a0<em>TMZ<\/em>,\u00a0<strong>la empresaria se encargar\u00eda de cubrir los gastos funerarios\u00a0<\/strong>para aliviar la preocupaci\u00f3n de sus seres queridos, permiti\u00e9ndoles llevar un luto en paz.<\/p>\n\n\n\n<p><\/p>\n\n\n\n<p><\/p>\n\n\n\n<p><\/p>\n\n\n\n<p><\/p>\n\n\n\n<p><\/p>\n\n\n\n<p><\/p>\n\n\n\n<p><\/p>\n\n\n\n<p><\/p>\n","protected":false},"excerpt":{"rendered":"<p>Kylie Jenner vive uno de los momentos m\u00e1s dif\u00edciles\u00a0de su vida personal y laboral. D\u00edas atr\u00e1s, la empresaria y modelo qued\u00f3 en shock al enterarse del\u00a0repentino fallecimiento del stylist Jes\u00fas Guerrero, a los 34 a\u00f1os. Una terrible noticia que fue confirmada el 23 de febrero por su hermana,\u00a0Gris Guerrero: &#8220;Con gran pesar anunciamos al mundo [&hellip;]<\/p>\n","protected":false},"author":35,"featured_media":174541,"comment_status":"open","ping_status":"open","sticky":false,"template":"","format":"standard","meta":{"_monsterinsights_skip_tracking":false,"_monsterinsights_sitenote_active":false,"_monsterinsights_sitenote_note":"","_monsterinsights_sitenote_category":0,"footnotes":""},"categories":[576],"tags":[31686,5736],"class_list":["post-174536","post","type-post","status-publish","format-standard","has-post-thumbnail","hentry","category-ocio","tag-jesus-guerrero","tag-kylie-jenner","wp-image-borders"],"amp_enabled":true,"_links":{"self":[{"href":"https:\/\/nvnoticias.mx\/index.php\/wp-json\/wp\/v2\/posts\/174536","targetHints":{"allow":["GET"]}}],"collection":[{"href":"https:\/\/nvnoticias.mx\/index.php\/wp-json\/wp\/v2\/posts"}],"about":[{"href":"https:\/\/nvnoticias.mx\/index.php\/wp-json\/wp\/v2\/types\/post"}],"author":[{"embeddable":true,"href":"https:\/\/nvnoticias.mx\/index.php\/wp-json\/wp\/v2\/users\/35"}],"replies":[{"embeddable":true,"href":"https:\/\/nvnoticias.mx\/index.php\/wp-json\/wp\/v2\/comments?post=174536"}],"version-history":[{"count":6,"href":"https:\/\/nvnoticias.mx\/index.php\/wp-json\/wp\/v2\/posts\/174536\/revisions"}],"predecessor-version":[{"id":174543,"href":"https:\/\/nvnoticias.mx\/index.php\/wp-json\/wp\/v2\/posts\/174536\/revisions\/174543"}],"wp:featuredmedia":[{"embeddable":true,"href":"https:\/\/nvnoticias.mx\/index.php\/wp-json\/wp\/v2\/media\/174541"}],"wp:attachment":[{"href":"https:\/\/nvnoticias.mx\/index.php\/wp-json\/wp\/v2\/media?parent=174536"}],"wp:term":[{"taxonomy":"category","embeddable":true,"href":"https:\/\/nvnoticias.mx\/index.php\/wp-json\/wp\/v2\/categories?post=174536"},{"taxonomy":"post_tag","embeddable":true,"href":"https:\/\/nvnoticias.mx\/index.php\/wp-json\/wp\/v2\/tags?post=174536"}],"curies":[{"name":"wp","href":"https:\/\/api.w.org\/{rel}","templated":true}]}}