{"id":174530,"date":"2025-02-26T14:24:34","date_gmt":"2025-02-26T20:24:34","guid":{"rendered":"https:\/\/nvnoticias.mx\/?p=174530"},"modified":"2025-02-26T14:24:35","modified_gmt":"2025-02-26T20:24:35","slug":"selena-gomez-brilla-en-los-sag-awards-2025","status":"publish","type":"post","link":"https:\/\/nvnoticias.mx\/index.php\/2025\/02\/26\/selena-gomez-brilla-en-los-sag-awards-2025\/","title":{"rendered":"Selena Gomez brilla en los SAG Awards 2025\u00a0"},"content":{"rendered":"\n<p><strong>Selena Gomez<\/strong>&nbsp;impresion\u00f3 en la alfombra roja de los&nbsp;<strong>SAG Awards 2025<\/strong>&nbsp;con uno de los looks m\u00e1s elegantes de la&nbsp;<strong>alfombra azul<\/strong>. Esta noche, la actriz de Emilia Perez es una de las presentadoras de los premios que reconocen lo mejor del cine y de televisi\u00f3n del \u00faltimo a\u00f1o, adem\u00e1s ser\u00e1 una velada en la que apoyar\u00e1 a sus compa\u00f1eras de reparto que est\u00e1n nominadas, entre ellas Zoe Salda\u00f1a.<\/p>\n\n\n\n<p>Para esta ocasi\u00f3n tan especial,\u00a0<strong>Selena Gomez ha llevado a los\u00a0SAG Awards 2025\u00a0un vestido de tono azul noche<\/strong>, firmado por\u00a0<strong>Celine.<\/strong>\u00a0La sofisticaci\u00f3n de las l\u00edneas del dise\u00f1o es evidente y no pod\u00eda ser para menos, puesto que la cantante se encuentra en uno de los mejores momentos de su trayectoria, ahora que ha lanzado una nueva canci\u00f3n junto a su prometido, el productor Benny Blanco, y la nueva promesa del pop, Gracie Abrams.<\/p>\n\n\n\n<p>La actriz Selena Gomez demostr\u00f3 desde el Shrine Auditorium and Expo Hall de Los \u00c1ngeles que para deslumbrar no se necesita un vestido de lentejuelas. Con ayuda de su estilista de moda Erin Walsh, la int\u00e9rprete llev\u00f3 un vestido de escote bardot con pliegues. El tejido del dise\u00f1o, liso y con un ligero efecto satinado, es una gran apuesta de elegancia. El dise\u00f1o del vestido lleva una abertura lateral con la cual la actriz dej\u00f3 ver las sandalias negras de tiras que lleva. Complement\u00f3 con\u00a0<strong>joyer\u00eda de Messika.<\/strong><\/p>\n\n\n\n<p><\/p>\n\n\n\n<p><\/p>\n\n\n\n<p><\/p>\n","protected":false},"excerpt":{"rendered":"<p>Selena Gomez&nbsp;impresion\u00f3 en la alfombra roja de los&nbsp;SAG Awards 2025&nbsp;con uno de los looks m\u00e1s elegantes de la&nbsp;alfombra azul. Esta noche, la actriz de Emilia Perez es una de las presentadoras de los premios que reconocen lo mejor del cine y de televisi\u00f3n del \u00faltimo a\u00f1o, adem\u00e1s ser\u00e1 una velada en la que apoyar\u00e1 a [&hellip;]<\/p>\n","protected":false},"author":35,"featured_media":174534,"comment_status":"open","ping_status":"open","sticky":false,"template":"","format":"standard","meta":{"_monsterinsights_skip_tracking":false,"_monsterinsights_sitenote_active":false,"_monsterinsights_sitenote_note":"","_monsterinsights_sitenote_category":0,"footnotes":""},"categories":[576],"tags":[123,126],"class_list":["post-174530","post","type-post","status-publish","format-standard","has-post-thumbnail","hentry","category-ocio","tag-sag-awards","tag-selena-gomez","wp-image-borders"],"amp_enabled":true,"_links":{"self":[{"href":"https:\/\/nvnoticias.mx\/index.php\/wp-json\/wp\/v2\/posts\/174530","targetHints":{"allow":["GET"]}}],"collection":[{"href":"https:\/\/nvnoticias.mx\/index.php\/wp-json\/wp\/v2\/posts"}],"about":[{"href":"https:\/\/nvnoticias.mx\/index.php\/wp-json\/wp\/v2\/types\/post"}],"author":[{"embeddable":true,"href":"https:\/\/nvnoticias.mx\/index.php\/wp-json\/wp\/v2\/users\/35"}],"replies":[{"embeddable":true,"href":"https:\/\/nvnoticias.mx\/index.php\/wp-json\/wp\/v2\/comments?post=174530"}],"version-history":[{"count":4,"href":"https:\/\/nvnoticias.mx\/index.php\/wp-json\/wp\/v2\/posts\/174530\/revisions"}],"predecessor-version":[{"id":174535,"href":"https:\/\/nvnoticias.mx\/index.php\/wp-json\/wp\/v2\/posts\/174530\/revisions\/174535"}],"wp:featuredmedia":[{"embeddable":true,"href":"https:\/\/nvnoticias.mx\/index.php\/wp-json\/wp\/v2\/media\/174534"}],"wp:attachment":[{"href":"https:\/\/nvnoticias.mx\/index.php\/wp-json\/wp\/v2\/media?parent=174530"}],"wp:term":[{"taxonomy":"category","embeddable":true,"href":"https:\/\/nvnoticias.mx\/index.php\/wp-json\/wp\/v2\/categories?post=174530"},{"taxonomy":"post_tag","embeddable":true,"href":"https:\/\/nvnoticias.mx\/index.php\/wp-json\/wp\/v2\/tags?post=174530"}],"curies":[{"name":"wp","href":"https:\/\/api.w.org\/{rel}","templated":true}]}}