{"id":174413,"date":"2025-02-26T07:52:35","date_gmt":"2025-02-26T13:52:35","guid":{"rendered":"https:\/\/nvnoticias.mx\/?p=174413"},"modified":"2025-02-26T07:52:36","modified_gmt":"2025-02-26T13:52:36","slug":"morena-de-andy-y-rocio-nahle-la-cena-de-negros","status":"publish","type":"post","link":"https:\/\/nvnoticias.mx\/index.php\/2025\/02\/26\/morena-de-andy-y-rocio-nahle-la-cena-de-negros\/","title":{"rendered":"Morena de &#8220;Andy&#8221; y Roc\u00edo Nahle, \u00bfLa cena de negros?"},"content":{"rendered":"\n<p><\/p>\n\n\n\n<figure class=\"wp-block-pullquote\"><blockquote><p><strong>Ricardo Chua<\/strong><\/p><\/blockquote><\/figure>\n\n\n\n<p>Es tanta la confusi\u00f3n en MORENA entre su comit\u00e9 nacional y estatal en Veracruz.. Que pol\u00edticos y &#8220;hacedores&#8221; de imagen que trabajan para la 4T.. Ni ellos entienden qu\u00e9 est\u00e1 pasando.. Si es real el presunto distanciamiento entre Andr\u00e9s Manuel L\u00f3pez Beltr\u00e1n &#8220;Andy&#8221; y Roc\u00edo Nahle o s\u00f3lo es una medida de confusi\u00f3n para que nadie reclame y los involucrados tengan temor de &#8220;levantar&#8221; la voz, por la decisi\u00f3n que est\u00e1n a punto de tomar en la selecci\u00f3n de candidatos de MORENA a los 212 ayuntamientos de Veracruz..<\/p>\n\n\n\n<p>Obvio el argumento que tomaron desde hace m\u00e1s 14 d\u00edas fue la afiliaci\u00f3n del senador, Miguel \u00c1ngel Yunes M\u00e1rquez a MORENA.. Desde ah\u00ed sali\u00f3 esa disputa entre el comit\u00e9 nacional y estatal de este partido.. En el Senado aceptaron a Yunes pero en Veracruz, el gobierno estatal y sus aliados la rechazaron.. Mientras Yunes M\u00e1rquez se &#8220;lav\u00f3 las manos&#8221;.. Ahora en MORENA est\u00e1n ocupando ese caso para darse con todo entre ellos.. Se pelean funcionarios federales y estatales con Senadores y pol\u00edticos del CEN de MORENA que avalan la llegada de Yunes.. \u00bfPero ser\u00e1 un pleito real?..<\/p>\n\n\n\n<p>Tanto as\u00ed que se habla ya en caf\u00e9s pol\u00edticos de Veracruz.. Que existe un distanciamiento real entre la gobernadora Roc\u00edo Nahle (La principal opositora a la inclusi\u00f3n de Yunes a MORENA) y el secretario de Organizaci\u00f3n del comit\u00e9 nacional de MORENA, Andr\u00e9s Manuel L\u00f3pez Beltr\u00e1n por este caso.. Y que este conflicto inici\u00f3 cuando &#8220;Andy&#8221; vino de visita a Veracruz.. Y los n\u00fameros que vieron en las encuestas para los candidatos a las alcald\u00edas, pues, no gusto mucho, ni a uno, ni a otro.. Y despu\u00e9s la &#8220;bomba&#8221; explot\u00f3 cuando Ad\u00e1n Augusto L\u00f3pez aval\u00f3 la inclusi\u00f3n de Yunes M\u00e1rquez al partido MORENA..<\/p>\n\n\n\n<p>Todo este conflicto tiene &#8220;trabado&#8221; a MORENA en Veracruz en un pleito inexplicable con el comit\u00e9 nacional del mismo partido.. Donde hasta militantes de MORENA han &#8220;golpeado&#8221; medi\u00e1ticamente a &#8220;Andy&#8221;.. Pero este conflicto lo que ha provocado es un &#8220;desajuste&#8221; pol\u00edtico en sus bases.. Donde pareciera que ni Claudia Sheinbaum o Roc\u00edo Nahle tienen el control de su partido y de sus funcionarios de gobierno.. Todos andan desperdigados, d\u00e1ndose unos contra otros.. En un &#8220;desmadre&#8221;, dice poderoso pol\u00edtico en Veracruz.. &#8220;Y a Yunes van terminar por afiliarlo a MORENA&#8221;, repite..<\/p>\n\n\n\n<p>Los pol\u00edticos de MORENA, consultados al respecto, m\u00e1s &#8220;aventados&#8221; se\u00f1alan sin temor: &#8220;Si esto pasa, la se\u00f1ora Gobernadora (Roc\u00edo Nahle) le va a declarar la -guerra- al comit\u00e9 nacional o a qui\u00e9n se le ponga enfrente, por -debajo de la mesa- o de frente, la se\u00f1ora es valiente y no tiene miedo cuando lucha por lo que ella cree&#8221;.. Grave aseveraci\u00f3n e insisten: &#8220;Mientras en Veracruz, la presi\u00f3n contra la dirigencia nacional de MORENA sobre la afiliaci\u00f3n de Miguel \u00c1ngel Yunes contin\u00faa, la decisi\u00f3n parece haberse tomado y este cuate de Miguel ser\u00e1 MORENO&#8221;..<\/p>\n\n\n\n<p>Obvio que ser\u00e1 una decisi\u00f3n que no le va a agradar a la gobernadora.. Que en otros tiempos, quien estaba sentado dentro del principal despacho de la Avenida Enr\u00edquez, es decir, Cuitl\u00e1huac Garc\u00eda Jim\u00e9nez.. Ya hubiese &#8220;tragado sapos y escupido flores&#8221; por esta decisi\u00f3n del centro.. Aqu\u00ed parece que la nueva inquilina de esa oficina.. Parece que no est\u00e1 dispuesta a ello y como ella se siente respaldada por m\u00e1s de 2 millones de votos y con el poder de manejar una entidad clave para la macroeconom\u00eda del pa\u00eds.. Se lanza directo y a la &#8220;yugular&#8221; de una decisi\u00f3n del CEN de MORENA y el Senado Mexicano..<\/p>\n\n\n\n<p>En la historia de M\u00e9xico.. Fueron muy pocos los casos.. Donde se hab\u00eda visto que un gobernador de un Estado.. Se le fuera encima a una decisi\u00f3n de un comit\u00e9 nacional del partido en el poder.. Cuando se supone que todas las decisi\u00f3n que toman de una gran magnitud, son consultadas antes con el Presidente de M\u00e9xico en turno.. En el PRI nunca sucedi\u00f3, menos en el PAN.. Y cuando esto suced\u00eda, los gobernadores eran enviados como embajadores o los mandaban como funcionarios de mediano nivel del gobierno federal.. Pero aqu\u00ed son MORENA y son un movimiento, no un partido..<\/p>\n\n\n\n<p>As\u00ed que ahora aunque la Presidenta, Claudia Shienbaum diga que el tema Yunes no le compete a ella sino al partido MORENA.. Pronto se sabr\u00e1 la reacci\u00f3n que tom\u00f3 Palacio Nacional sobre este caso en particular.. Pero lo que no hay que dudar, es que Shienbaum ya tom\u00f3 la decisi\u00f3n.. Y lo real es que en el partido MORENA, no hay m\u00e1s AUTORIDAD que la dirigencia nacional en manos de Andr\u00e9s Manuel L\u00f3pez Beltr\u00e1n.. Y en el Congreso de la Uni\u00f3n el peso de la Presidenta, se ve y se siente.. Si los diputados federales creen que pueden servir a DOS.. Vaya sorpresa que se pueden llevar.. La lucha sigue..<\/p>\n\n\n\n<p>REFLEXI\u00d3N.. Los diputados federales veracruzanos, Rosa Mar\u00eda Hern\u00e1ndez Espejo y Zenyazen Escobar Garc\u00eda est\u00e1n siendo OBJETO de &#8220;FUEGO AMIGO&#8221; en MORENA.. A la primera la se\u00f1alan de ser promotora de ataques contra Andr\u00e9s Manuel L\u00f3pez Beltr\u00e1n y al segundo de realizar &#8220;guerra sucia&#8221; contra Roc\u00edo Nahle y a su secretaria de Educaci\u00f3n, Claudia Tello.. Pero LA REALIDAD ES OTRA.. Fuerzas pol\u00edticas encumbradas en el partido est\u00e1n haciendo estas acciones.. Para echarle la culpa a alguien y quitar del &#8220;ojo&#8221; p\u00fablico al verdadero generador de esos &#8220;mameyazos&#8221;..<\/p>\n\n\n\n<p>Hern\u00e1ndez Espejo no tiene la capacidad financiera y ni grupo pol\u00edtico poderoso fuera del puerto de Veracruz.. Para realizar acciones concertadas de ataques contra &#8220;Andy&#8221;.. Ya que al hijo de Andr\u00e9s Manuel hasta en Coatzacoalcos lo atacan.. Ocupan a Rosa Mar\u00eda como la &#8220;Caja China&#8221;.. Mientras que Zenyazen ha demostrado su LEALTAD a Nahle.. Pero personajes enquistados en su gobierno, le est\u00e1n ech\u00e1ndole la culpa al legislador.. Funcionarios que trabajan en oficinas contiguas de la misma gobernadora en Palacio de Gobierno.. La &#8220;T\u00eda Ch\u00edo&#8221; tiene el enemigo en casa.. AMEN..<\/p>\n","protected":false},"excerpt":{"rendered":"<p>Ricardo Chua Es tanta la confusi\u00f3n en MORENA entre su comit\u00e9 nacional y estatal en Veracruz.. Que pol\u00edticos y &#8220;hacedores&#8221; de imagen que trabajan para la 4T.. Ni ellos entienden qu\u00e9 est\u00e1 pasando.. Si es real el presunto distanciamiento entre Andr\u00e9s Manuel L\u00f3pez Beltr\u00e1n &#8220;Andy&#8221; y Roc\u00edo Nahle o s\u00f3lo es una medida de confusi\u00f3n [&hellip;]<\/p>\n","protected":false},"author":29,"featured_media":174414,"comment_status":"open","ping_status":"open","sticky":false,"template":"","format":"standard","meta":{"_monsterinsights_skip_tracking":false,"_monsterinsights_sitenote_active":false,"_monsterinsights_sitenote_note":"","_monsterinsights_sitenote_category":0,"footnotes":""},"categories":[245],"tags":[327],"class_list":["post-174413","post","type-post","status-publish","format-standard","has-post-thumbnail","hentry","category-dialogos-de-poder","tag-ricardo-chua","wp-image-borders"],"amp_enabled":true,"_links":{"self":[{"href":"https:\/\/nvnoticias.mx\/index.php\/wp-json\/wp\/v2\/posts\/174413","targetHints":{"allow":["GET"]}}],"collection":[{"href":"https:\/\/nvnoticias.mx\/index.php\/wp-json\/wp\/v2\/posts"}],"about":[{"href":"https:\/\/nvnoticias.mx\/index.php\/wp-json\/wp\/v2\/types\/post"}],"author":[{"embeddable":true,"href":"https:\/\/nvnoticias.mx\/index.php\/wp-json\/wp\/v2\/users\/29"}],"replies":[{"embeddable":true,"href":"https:\/\/nvnoticias.mx\/index.php\/wp-json\/wp\/v2\/comments?post=174413"}],"version-history":[{"count":1,"href":"https:\/\/nvnoticias.mx\/index.php\/wp-json\/wp\/v2\/posts\/174413\/revisions"}],"predecessor-version":[{"id":174415,"href":"https:\/\/nvnoticias.mx\/index.php\/wp-json\/wp\/v2\/posts\/174413\/revisions\/174415"}],"wp:featuredmedia":[{"embeddable":true,"href":"https:\/\/nvnoticias.mx\/index.php\/wp-json\/wp\/v2\/media\/174414"}],"wp:attachment":[{"href":"https:\/\/nvnoticias.mx\/index.php\/wp-json\/wp\/v2\/media?parent=174413"}],"wp:term":[{"taxonomy":"category","embeddable":true,"href":"https:\/\/nvnoticias.mx\/index.php\/wp-json\/wp\/v2\/categories?post=174413"},{"taxonomy":"post_tag","embeddable":true,"href":"https:\/\/nvnoticias.mx\/index.php\/wp-json\/wp\/v2\/tags?post=174413"}],"curies":[{"name":"wp","href":"https:\/\/api.w.org\/{rel}","templated":true}]}}