{"id":174335,"date":"2025-02-25T11:31:01","date_gmt":"2025-02-25T17:31:01","guid":{"rendered":"https:\/\/nvnoticias.mx\/?p=174335"},"modified":"2025-02-25T11:31:02","modified_gmt":"2025-02-25T17:31:02","slug":"la-fundidora-dobbie-en-veracruz-quien-fue-james-dobbie","status":"publish","type":"post","link":"https:\/\/nvnoticias.mx\/index.php\/2025\/02\/25\/la-fundidora-dobbie-en-veracruz-quien-fue-james-dobbie\/","title":{"rendered":"La Fundidora Dobbie en Veracruz, \u00bfqui\u00e9n fue James Dobbie?"},"content":{"rendered":"\n<p>Por: <strong>Miguel Salvador \u00a0Rodr\u00edguez\u00a0Azueta<\/strong><\/p>\n\n\n\n<p>La Fundidora Dobbie se ubicaba en la Calle de&nbsp;Y\u00e1\u00f1ez&nbsp;y&nbsp;Jim\u00e9nez&nbsp;Norte,&nbsp;siguiendo la barda de la casa redonda de los ferrocarriles.&nbsp;<\/p>\n\n\n\n<p>A\u00fan&nbsp;recuerdo all\u00e1 por los a\u00f1os 80\u00b4s del siglo pasado acompa\u00f1ar a mi padre para ver un proyecto de fundici\u00f3n de un busto conmemorativo para&nbsp;el Instituto&nbsp;Tecnol\u00f3gico&nbsp;de Veracruz.<\/p>\n\n\n\n<p>Algunos veracruzanos tal vez recuerden las tapas de hierro fundido con el&nbsp;sello Dobbie, que fueron&nbsp;colocadas&nbsp;en el&nbsp;centro hist\u00f3rico&nbsp;y gran parte del viejo Veracruz.<\/p>\n\n\n\n<p>Eran tapas de hierro para registros de comisi\u00f3n federal de electricidad,&nbsp;drenaje,&nbsp;tel\u00e9fono&nbsp;entre otras, pero el sello era inconfundible Dobbie, hoy en d\u00eda los ladrones de tapas y&nbsp;registros&nbsp;se han encargado de colocar a las tapas Dobbie en la secci\u00f3n de peligro de extinci\u00f3n.<\/p>\n\n\n\n<p>Pero,&nbsp;\u00bfQui\u00e9nes&nbsp;fueron los Dobbie?<\/p>\n\n\n\n<p>Todo comenz\u00f3 hace unos d\u00edas que estaba investigando unos datos que mi buen&nbsp;amigo&nbsp;Ram\u00f3nG\u00f3mez&nbsp;Barqu\u00edn me encarg\u00f3, cuando, como suele&nbsp;suceder en la investigaci\u00f3n documental,&nbsp;est\u00e1s buscando una cosa y aparece otra tambi\u00e9n interesante, en este caso&nbsp;apareci\u00f3 ante mis ojos un anuncio de inicios del siglo XX que precisamente se&nbsp;refer\u00eda&nbsp;a la hoy desaparecida fundidora Dobbie.<\/p>\n\n\n\n<p>Pues, bien de acuerdo a algunos datos biogr\u00e1ficos, los Dobbie son originario de&nbsp;Glasgow, Escocia y de acuerdo con datos recabados por&nbsp;registros migratorios y civiles,&nbsp;la familia Dobbie debi\u00f3&nbsp;llegar&nbsp;a Veracruz a&nbsp;finales de los a\u00f1os 80\u00b4s del siglo XIX.<\/p>\n\n\n\n<p>De acuerdo a&nbsp;registros documentales&nbsp;recabados, la familia Dobbie&nbsp;ten\u00eda&nbsp;conocimientos&nbsp;y estudios destacados en la ciencia como la&nbsp;qu\u00edmica,&nbsp;a\u00fan hoy&nbsp;en d\u00eda hay&nbsp;destacados miembros de la familia&nbsp;que sobresalen&nbsp;en el arte,&nbsp;la ciencia&nbsp;y el deporte.<\/p>\n\n\n\n<p>Siendo la modernizaci\u00f3n del puerto de Veracruz realizada por la empresa inglesa Pearson, no dudo que haya sido el motivo por lo que los Dobbie decidieron instalarse en Veracruz,&nbsp;consolidando aqu\u00ed su empresa y su familia, pues en 1921 su hijo Roberto contrajo nupcias con la se\u00f1orita Blanca Zurita, formando la familia Dobbie Zurita, el se\u00f1or James Dobbie muri\u00f3 en 1952 en Veracruz a la edad de 89 a\u00f1os.<\/p>\n\n\n\n<p>Desafortunadamente la Fundidora dejo de existir junto con sus leyendas de t\u00faneles subterr\u00e1neas que daban a las iglesias de Veracruz, aunque a\u00fan aparece en las b\u00fasquedas digitales pude constatar que en dicho lugar solo queda un terreno de lo que fue esta reconocida fundidora.<\/p>\n","protected":false},"excerpt":{"rendered":"<p>Por: Miguel Salvador \u00a0Rodr\u00edguez\u00a0Azueta La Fundidora Dobbie se ubicaba en la Calle de&nbsp;Y\u00e1\u00f1ez&nbsp;y&nbsp;Jim\u00e9nez&nbsp;Norte,&nbsp;siguiendo la barda de la casa redonda de los ferrocarriles.&nbsp; A\u00fan&nbsp;recuerdo all\u00e1 por los a\u00f1os 80\u00b4s del siglo pasado acompa\u00f1ar a mi padre para ver un proyecto de fundici\u00f3n de un busto conmemorativo para&nbsp;el Instituto&nbsp;Tecnol\u00f3gico&nbsp;de Veracruz. Algunos veracruzanos tal vez recuerden las tapas [&hellip;]<\/p>\n","protected":false},"author":30,"featured_media":174337,"comment_status":"open","ping_status":"open","sticky":false,"template":"","format":"standard","meta":{"_monsterinsights_skip_tracking":false,"_monsterinsights_sitenote_active":false,"_monsterinsights_sitenote_note":"","_monsterinsights_sitenote_category":0,"footnotes":""},"categories":[332],"tags":[],"class_list":["post-174335","post","type-post","status-publish","format-standard","has-post-thumbnail","hentry","category-veracruz-en-la-cultura","wp-image-borders"],"amp_enabled":true,"_links":{"self":[{"href":"https:\/\/nvnoticias.mx\/index.php\/wp-json\/wp\/v2\/posts\/174335","targetHints":{"allow":["GET"]}}],"collection":[{"href":"https:\/\/nvnoticias.mx\/index.php\/wp-json\/wp\/v2\/posts"}],"about":[{"href":"https:\/\/nvnoticias.mx\/index.php\/wp-json\/wp\/v2\/types\/post"}],"author":[{"embeddable":true,"href":"https:\/\/nvnoticias.mx\/index.php\/wp-json\/wp\/v2\/users\/30"}],"replies":[{"embeddable":true,"href":"https:\/\/nvnoticias.mx\/index.php\/wp-json\/wp\/v2\/comments?post=174335"}],"version-history":[{"count":2,"href":"https:\/\/nvnoticias.mx\/index.php\/wp-json\/wp\/v2\/posts\/174335\/revisions"}],"predecessor-version":[{"id":174339,"href":"https:\/\/nvnoticias.mx\/index.php\/wp-json\/wp\/v2\/posts\/174335\/revisions\/174339"}],"wp:featuredmedia":[{"embeddable":true,"href":"https:\/\/nvnoticias.mx\/index.php\/wp-json\/wp\/v2\/media\/174337"}],"wp:attachment":[{"href":"https:\/\/nvnoticias.mx\/index.php\/wp-json\/wp\/v2\/media?parent=174335"}],"wp:term":[{"taxonomy":"category","embeddable":true,"href":"https:\/\/nvnoticias.mx\/index.php\/wp-json\/wp\/v2\/categories?post=174335"},{"taxonomy":"post_tag","embeddable":true,"href":"https:\/\/nvnoticias.mx\/index.php\/wp-json\/wp\/v2\/tags?post=174335"}],"curies":[{"name":"wp","href":"https:\/\/api.w.org\/{rel}","templated":true}]}}