{"id":174295,"date":"2025-02-25T07:52:42","date_gmt":"2025-02-25T13:52:42","guid":{"rendered":"https:\/\/nvnoticias.mx\/?p=174295"},"modified":"2025-02-25T07:52:43","modified_gmt":"2025-02-25T13:52:43","slug":"el-complot-en-morena-veracruz-y-los-ataques-a-andy","status":"publish","type":"post","link":"https:\/\/nvnoticias.mx\/index.php\/2025\/02\/25\/el-complot-en-morena-veracruz-y-los-ataques-a-andy\/","title":{"rendered":"El &#8220;complot&#8221; en Morena Veracruz y los ataques a &#8220;Andy&#8221;"},"content":{"rendered":"\n<p><\/p>\n\n\n\n<figure class=\"wp-block-pullquote\"><blockquote><p><strong>Ricardo Chua<\/strong><\/p><\/blockquote><\/figure>\n\n\n\n<p>&#8220;Garganta Profunda&#8221; se\u00f1ala que ya hay en Veracruz.. Personajes enviados, no se sabe si por el comit\u00e9 nacional de MORENA o por dependencias de seguridad del gobierno federal.. Preguntando a periodistas, personajes pol\u00edticos y actores sociales.. Qui\u00e9n o qui\u00e9nes son los personajes al interior de este partido en la entidad.. Que est\u00e1n promoviendo unas &#8220;madrinas&#8221; o &#8220;golpeteo&#8221; pol\u00edtico-medi\u00e1tico a la dirigente nacional, Luisa Mar\u00eda Alcalde y al secretario de Organizaci\u00f3n, Andr\u00e9s Manuel L\u00f3pez Beltr\u00e1n.. EST\u00c1 CA\u00d1\u00d3N..<\/p>\n\n\n\n<p>Resulta que en CDMX.. Tanto en Palacio Nacional como en la sede nacional de MORENA.. Ya se dieron cuenta, que despu\u00e9s, del tema de la afiliaci\u00f3n al partido del senador, Miguel \u00c1ngel Yunes M\u00e1rquez.. Despu\u00e9s de que la gobernadora Roc\u00edo Nahle se opuso a esta acci\u00f3n y solicit\u00f3 el respaldo de pol\u00edticos y legisladores federales y estatales para evitar el ingreso de Yunes M\u00e1rquez a ese organismo\u2026 Empezaron a haber ruedas de prensa con militantes de MORENA atacando principalmente a &#8220;Andy&#8221; por presuntamente ser el promotor de la llegada de Los Yunes al partido &#8220;guinda&#8221;..<\/p>\n\n\n\n<p>Lo que levant\u00f3 sospechas en CDMX es que estas manifestaciones contra &#8220;Andy&#8221; L\u00f3pez Beltr\u00e1n.. No eran protestas &#8220;org\u00e1nicas&#8221; por parte de las bases y militancia de MORENA por la inconformidad del presunto ingreso de Miguel Yunes.. Eran acciones concertadas y muy bien armadas en los caf\u00e9s pol\u00edticos de Veracruz.. Donde los protestantes iban con un discurso muy bien aprendido y eran ruedas de prensa muy bien organizadas y financiadas porque hab\u00edan bastantes personas que acud\u00edan y lo m\u00ednimo era el caf\u00e9 que ten\u00edan que pagar para ocupar las mesas.. &#8220;Alguien&#8221; las estaba financiado..<\/p>\n\n\n\n<p>El caso es que nadie en el CEN de MORENA se &#8220;trag\u00f3&#8221; el cuento de que en Veracruz protestaban y &#8220;golpeaban&#8221; la figura del hijo del Ex Presidente, Andr\u00e9s Manuel L\u00f3pez Obrador.. Unas &#8220;do\u00f1itas&#8221; (C\u00f3mo se presentan en varios sitios) militantes de MORENA para ir a despotricar contra el &#8220;Junior&#8221; por lo que hab\u00eda una &#8220;mano&#8221; detr\u00e1s de todo esto.. Sobre todo porque detectaron en CDMX.. Que las ruedas de prensa para manifestarse en contra de Los Yunes y &#8220;pegarle&#8221; medi\u00e1ticamente a &#8220;Andy&#8221;.. Se estaban haciendo en las principales cabeceras distritales de Veracruz.. Es decir, UN COMPLOT..<\/p>\n\n\n\n<p>La molest\u00eda que suscit\u00f3 estos hechos en el CEN de MORENA.. Era muy obvio y mandaron a investigar a personajes que tienen ligas en Veracruz y que en este momento, est\u00e1n trabajando en el Comit\u00e9 Nacional, gobierno federal y Congreso de la Uni\u00f3n.. Motivo por el cual, se especula en CDMX que en los pr\u00f3ximos d\u00edas, se conocer\u00e1n las medidas que tomar\u00e1n por estos hechos.. Y sobre todo contra quien lo &#8220;gestion\u00f3&#8221; .. Ya que en MORENA tienen muy claro, que una cosa es &#8220;golpear&#8221; a Los Yunes por el tema de la afiliaci\u00f3n.. Pero otra muy distinta es darle una &#8220;madrina&#8221; a la figura de &#8220;Andy&#8221;..<\/p>\n\n\n\n<p>REFLEXI\u00d3N.. El rumor que crece en Veracruz y CDMX, es que despu\u00e9s del tema Yunes y luego de la visita de &#8220;Andy&#8221; en la entidad un poco antes.. Se &#8220;descompusieron&#8221; las cosas entre Roc\u00edo Nahle y el comit\u00e9 nacional de MORENA.. Todo debido a las candidaturas a las 212 alcald\u00edas por MORENA para las elecciones del pr\u00f3ximo 1 de junio.. Porque resulta que si bien es cierto que como partido pol\u00edtico.. MORENA est\u00e1 bien posicionado en Veracruz.. El tema es que en las encuestas para definir a los candidatos.. Muchos personajes cercanos a Nahle.. No quedaron bien posicionados..<\/p>\n\n\n\n<p>Motivo por el cual, se comenta que muchas candidaturas que ya se ten\u00edan planeadas para empezar a caminar y ganar las alcald\u00edas.. Las iba a echar para atr\u00e1s.. Ya que ten\u00edan conflictos para sacar una votaci\u00f3n amplia, tal como lo quer\u00eda el CEN.. Y que por ello por la facultad que tiene el comit\u00e9 nacional podr\u00eda realizar estos cambios.. Eso motiv\u00f3 las molestias que hay en Veracruz al interior de MORENA.. Y un factor que vino a &#8220;desencadenar&#8221; todo el conflicto.. Fue la noticia de que Miguel Yunes estar\u00eda afiliado a MORENA desde el Senado.. Lo dem\u00e1s es historia.. AMEN..<\/p>\n\n\n\n<p>LOS ATAQUES A VANIA L\u00d3PEZ.. Todo parece indicar que al igual que &#8220;Andy&#8221; L\u00f3pez Beltr\u00e1n, tambi\u00e9n siguen los ataques pol\u00edticos y en redes sociales en contra de la s\u00edndica \u00danica del municipio de C\u00f3rdoba, Van\u00eda L\u00f3pez Gonz\u00e1lez.. A la cual, le est\u00e1n &#8220;metiendo metralla&#8221; desde el mismo partido MORENA.. Ya que a toda costa personajes oscuros de esta regi\u00f3n, desean que la funcionaria municipal.. No sea postulada por la coalici\u00f3n MORENA-PVEM como la candidata a la alcald\u00eda en esta ciudad.. Y est\u00e1n buscando por todos lados tratar de quitarla de en medio.. HAIGA COMO HAIGA SIDO..<\/p>\n\n\n\n<p>El asunto de los ataques en contra de la persona de la s\u00edndica son muy evidentes en C\u00f3rdoba.. Ya que a trav\u00e9s de redes sociales y algunos medios de comunicaci\u00f3n de la regi\u00f3n.. Est\u00e1n realizando una campa\u00f1a medi\u00e1tica contra L\u00f3pez Gonz\u00e1lez.. La cual arrecio en los \u00faltimos d\u00edas debido a que ya se acerca el momento de las decisiones, tanto del PVEM como del partido MORENA para postular a sus candidatos a alcaldes en los 212 municipios de Veracruz.. Y se supone que la funcionaria local, se encuentra compitiendo muy fuerte con los dem\u00e1s aspirantes y tiene grandes posibilidades de ser postulada..<\/p>\n\n\n\n<p>Se espera que estos ataques o se\u00f1alamientos medi\u00e1ticos en esa regi\u00f3n de Veracruz y la capital del Estado contra Vania L\u00f3pez.. Vayan incrementando porque los tiempos de la decisi\u00f3n ya se acercan.. Y la s\u00edndica estuvo caminando hasta el final para lograr esta designaci\u00f3n.. Lo que es un hecho irrefutable en la zona.. Es que L\u00f3pez Gonz\u00e1lez va cerrando con todo y por ello es que se han desatado estas campa\u00f1as en su contra.. Auspiciadas por varios grupos de poder en C\u00f3rdoba.. Habr\u00e1 que ver como Vania los &#8220;capotea&#8221; y espera la decisi\u00f3n final.. Por lo pronto, ella est\u00e1 en la &#8220;jugada&#8221;.. AMEN..<\/p>\n","protected":false},"excerpt":{"rendered":"<p>Ricardo Chua &#8220;Garganta Profunda&#8221; se\u00f1ala que ya hay en Veracruz.. Personajes enviados, no se sabe si por el comit\u00e9 nacional de MORENA o por dependencias de seguridad del gobierno federal.. Preguntando a periodistas, personajes pol\u00edticos y actores sociales.. Qui\u00e9n o qui\u00e9nes son los personajes al interior de este partido en la entidad.. Que est\u00e1n promoviendo [&hellip;]<\/p>\n","protected":false},"author":29,"featured_media":174296,"comment_status":"open","ping_status":"open","sticky":false,"template":"","format":"standard","meta":{"_monsterinsights_skip_tracking":false,"_monsterinsights_sitenote_active":false,"_monsterinsights_sitenote_note":"","_monsterinsights_sitenote_category":0,"footnotes":""},"categories":[245],"tags":[327],"class_list":["post-174295","post","type-post","status-publish","format-standard","has-post-thumbnail","hentry","category-dialogos-de-poder","tag-ricardo-chua","wp-image-borders"],"amp_enabled":true,"_links":{"self":[{"href":"https:\/\/nvnoticias.mx\/index.php\/wp-json\/wp\/v2\/posts\/174295","targetHints":{"allow":["GET"]}}],"collection":[{"href":"https:\/\/nvnoticias.mx\/index.php\/wp-json\/wp\/v2\/posts"}],"about":[{"href":"https:\/\/nvnoticias.mx\/index.php\/wp-json\/wp\/v2\/types\/post"}],"author":[{"embeddable":true,"href":"https:\/\/nvnoticias.mx\/index.php\/wp-json\/wp\/v2\/users\/29"}],"replies":[{"embeddable":true,"href":"https:\/\/nvnoticias.mx\/index.php\/wp-json\/wp\/v2\/comments?post=174295"}],"version-history":[{"count":1,"href":"https:\/\/nvnoticias.mx\/index.php\/wp-json\/wp\/v2\/posts\/174295\/revisions"}],"predecessor-version":[{"id":174297,"href":"https:\/\/nvnoticias.mx\/index.php\/wp-json\/wp\/v2\/posts\/174295\/revisions\/174297"}],"wp:featuredmedia":[{"embeddable":true,"href":"https:\/\/nvnoticias.mx\/index.php\/wp-json\/wp\/v2\/media\/174296"}],"wp:attachment":[{"href":"https:\/\/nvnoticias.mx\/index.php\/wp-json\/wp\/v2\/media?parent=174295"}],"wp:term":[{"taxonomy":"category","embeddable":true,"href":"https:\/\/nvnoticias.mx\/index.php\/wp-json\/wp\/v2\/categories?post=174295"},{"taxonomy":"post_tag","embeddable":true,"href":"https:\/\/nvnoticias.mx\/index.php\/wp-json\/wp\/v2\/tags?post=174295"}],"curies":[{"name":"wp","href":"https:\/\/api.w.org\/{rel}","templated":true}]}}