{"id":174245,"date":"2025-02-24T10:16:55","date_gmt":"2025-02-24T16:16:55","guid":{"rendered":"https:\/\/nvnoticias.mx\/?p=174245"},"modified":"2025-02-24T10:16:57","modified_gmt":"2025-02-24T16:16:57","slug":"sindicatos-magisteriales-toman-la-sev-4","status":"publish","type":"post","link":"https:\/\/nvnoticias.mx\/index.php\/2025\/02\/24\/sindicatos-magisteriales-toman-la-sev-4\/","title":{"rendered":"Sindicatos magisteriales toman la SEV"},"content":{"rendered":"\n<p><\/p>\n\n\n\n<p><strong>Sam Ojeda \/ NV Noticias<\/strong><\/p>\n\n\n\n<p>Xalapa.- Este lunes amanecieron tomadas las instalaciones de la Secretar\u00eda de Educaci\u00f3n de Veracruz (SEV) por parte de integrantes de ocho sindicatos magisteriales. <\/p>\n\n\n\n<p>El secretario general del Sindicato Independiente de Regeneraci\u00f3n Magisterial (SIRMA), Tonatiuh Paredes Rangel, denunci\u00f3 que actualmente hay un  atraso de 90 d\u00edas en todos los tr\u00e1mites.<\/p>\n\n\n\n<p>Acusaron a la titular de la SEV; Claudia Tello, de centralizar los tr\u00e1mites e incluso amenazar a los dirigentes magisteriales. <\/p>\n\n\n\n<p>\u201cQuiere atender todos los temas desde su oficina, quiere hacer todos los tr\u00e1mites educativas, quiere ser la Oficial Mayor, la jefa de Recursos Humanos y habiendo m\u00e1s de 2 mil trabajadores que se concentren los temas en 10 \u00f3 15 personas es por eso que tenemos un rezago de m\u00e1s de 90 d\u00edas en los tr\u00e1mites que no avanzan\u201d, dijo. <\/p>\n\n\n\n<p>Ante ello demandaron entregar las 20 mil horas que se tienen para nivel secundaria, as\u00ed como plazas que se tienen pendientes para primarias. <\/p>\n\n\n\n<p>Tonatiuh Paredes Rangel se\u00f1al\u00f3 que en su caso ha sido amenazado por la titular de la SEV con meterlo en la c\u00e1rcel e investigar a su familiar por orden dela Gobernadora. <\/p>\n\n\n\n<p>\u201cMe ha amenazado con que me va a meter a la c\u00e1rcel. Me ha dicho que la gobernadora le ha instruido que investigue a mi familia\u201d, dijo. <\/p>\n\n\n\n<p><\/p>\n","protected":false},"excerpt":{"rendered":"<p>Sam Ojeda \/ NV Noticias Xalapa.- Este lunes amanecieron tomadas las instalaciones de la Secretar\u00eda de Educaci\u00f3n de Veracruz (SEV) por parte de integrantes de ocho sindicatos magisteriales. El secretario general del Sindicato Independiente de Regeneraci\u00f3n Magisterial (SIRMA), Tonatiuh Paredes Rangel, denunci\u00f3 que actualmente hay un atraso de 90 d\u00edas en todos los tr\u00e1mites. Acusaron [&hellip;]<\/p>\n","protected":false},"author":8,"featured_media":174247,"comment_status":"open","ping_status":"open","sticky":false,"template":"","format":"standard","meta":{"_monsterinsights_skip_tracking":false,"_monsterinsights_sitenote_active":false,"_monsterinsights_sitenote_note":"","_monsterinsights_sitenote_category":0,"footnotes":""},"categories":[156],"tags":[1001],"class_list":["post-174245","post","type-post","status-publish","format-standard","has-post-thumbnail","hentry","category-estado","tag-sev","wp-image-borders"],"amp_enabled":true,"_links":{"self":[{"href":"https:\/\/nvnoticias.mx\/index.php\/wp-json\/wp\/v2\/posts\/174245","targetHints":{"allow":["GET"]}}],"collection":[{"href":"https:\/\/nvnoticias.mx\/index.php\/wp-json\/wp\/v2\/posts"}],"about":[{"href":"https:\/\/nvnoticias.mx\/index.php\/wp-json\/wp\/v2\/types\/post"}],"author":[{"embeddable":true,"href":"https:\/\/nvnoticias.mx\/index.php\/wp-json\/wp\/v2\/users\/8"}],"replies":[{"embeddable":true,"href":"https:\/\/nvnoticias.mx\/index.php\/wp-json\/wp\/v2\/comments?post=174245"}],"version-history":[{"count":1,"href":"https:\/\/nvnoticias.mx\/index.php\/wp-json\/wp\/v2\/posts\/174245\/revisions"}],"predecessor-version":[{"id":174248,"href":"https:\/\/nvnoticias.mx\/index.php\/wp-json\/wp\/v2\/posts\/174245\/revisions\/174248"}],"wp:featuredmedia":[{"embeddable":true,"href":"https:\/\/nvnoticias.mx\/index.php\/wp-json\/wp\/v2\/media\/174247"}],"wp:attachment":[{"href":"https:\/\/nvnoticias.mx\/index.php\/wp-json\/wp\/v2\/media?parent=174245"}],"wp:term":[{"taxonomy":"category","embeddable":true,"href":"https:\/\/nvnoticias.mx\/index.php\/wp-json\/wp\/v2\/categories?post=174245"},{"taxonomy":"post_tag","embeddable":true,"href":"https:\/\/nvnoticias.mx\/index.php\/wp-json\/wp\/v2\/tags?post=174245"}],"curies":[{"name":"wp","href":"https:\/\/api.w.org\/{rel}","templated":true}]}}