{"id":174221,"date":"2025-02-24T09:53:44","date_gmt":"2025-02-24T15:53:44","guid":{"rendered":"https:\/\/nvnoticias.mx\/?p=174221"},"modified":"2025-02-24T09:53:45","modified_gmt":"2025-02-24T15:53:45","slug":"tiempo-de-mujeres-en-la-abogacia","status":"publish","type":"post","link":"https:\/\/nvnoticias.mx\/index.php\/2025\/02\/24\/tiempo-de-mujeres-en-la-abogacia\/","title":{"rendered":"Tiempo de mujeres en la abogac\u00eda"},"content":{"rendered":"\n<p>Siempre ha sido<em>&nbsp;tiempo de mujeres<\/em><em>,<\/em>&nbsp;no es una expresi\u00f3n de moda, es una realidad,&nbsp;\u00fanicamente ahora los&nbsp;tiempos van cambiando hacia una sociedad inclusiva y paritaria en la participaci\u00f3n de&nbsp;mujeres&nbsp;yhombres en la&nbsp;<em>abogac\u00eda<\/em>.<\/p>\n\n\n\n<p>Cuando tocamos este tema, es inevitable que venga a nuestra mente el nombre de&nbsp;<em>Concepci\u00f3n Arenal<\/em>, espa\u00f1ola de origen, quien a los veinti\u00fan a\u00f1os de edad, para ingresar como oyente en la&nbsp;Facultad de Derecho de la Universidad Central de Madrid, tuvo que disfrazarse de hombre, se cort\u00f3 el cabello, visti\u00f3 levita, capa y sombrero de copa. No obstante al descubrirse su verdadera identidad de mujer intervino el rector y tras un examen satisfactorio fue autorizada a asistir a clases, lo que hizo de 1842 a 1845.<\/p>\n\n\n\n<p>Interesante es relatar el rito que segu\u00eda d\u00eda a d\u00eda para acudir a sus clases esta valiente mujer que se enfrentaba a las costumbres de aquella \u00e9poca con tal de aterrizar sus anhelos de ser abogada, que nos relata Amelia Valc\u00e1rcel, Fil\u00f3sofa y Feminista espa\u00f1ola,en el texto de su autor\u00eda titulado&nbsp;<em>Feminismo en un mundo global<\/em>: \u201cAcompa\u00f1ada por un familiar do\u00f1a Concepci\u00f3n se presentaba en la puerta del claustro, donde era recogida por un bedel que la trasladaba a un cuarto en el que se manten\u00eda sola hasta que el profesor de la materia que iba a impartirse la recog\u00eda para las clases. Sentada en un lugar diferente del de sus aparentes compa\u00f1eros, segu\u00eda las explicaciones hasta que la clase conclu\u00eda y de nuevo era recogida por el profesor, que la depositaba en dicho cuarto hasta la clase siguiente.\u201d.&nbsp;<\/p>\n\n\n\n<p>Gracias a mujeres como ella y otras m\u00e1s que a lo largo de cientos de a\u00f1os han ido en contra de la corriente social llena de costumbres estereotipadas, es que ahora&nbsp;somos&nbsp;muchas que ejercemos la abogac\u00eda desde diversas trincheras&nbsp;y&nbsp;celebramos la reciente toma de protesta de&nbsp;<em>Ana Mar\u00eda&nbsp;<\/em><em>Kudisch<\/em><em>&nbsp;Castell\u00f3&nbsp;<\/em>como Presidenta de la Barra Mexicana, Colegio de Abogados, A.C.&nbsp;(BMA).<\/p>\n\n\n\n<p><em>Kudisch<\/em><em>&nbsp;Castell\u00f3<\/em>&nbsp;es Licenciada en Derecho por la Universidad&nbsp;An\u00e1huac, Maestra en Derecho Familiar por el Instituto de Ciencias Jur\u00eddicas, Universidad&nbsp;Tepantlato&nbsp;en la actualidad. Es Mediadora Privada 002 certificada por el Tribunal Superior de Justicia de la Ciudad de M\u00e9xico. Fue nombrada Perita Experta en Derecho Familiar Mexicano en M\u00e9xico y Canad\u00e1.Directora y Fundadora de&nbsp;Kudisch&nbsp;Abogados S.C., entre otras.<\/p>\n\n\n\n<p>Ha pertenecido desde hace m\u00e1s de dos d\u00e9cadas a la membres\u00eda de la Barra Mexicana, Colegio de Abogados, en donde ha trabajado intensamente integrando varias comisiones especializadas en \u00e1reas del derecho, fue Coordinadora de la Comisi\u00f3n de Igualdad de G\u00e9nero e Inclusi\u00f3n, adem\u00e1s de Consejera&nbsp;Nacional durante 13 a\u00f1os y haber sido galardonada con el premio Pro Bono 2016. En el 2023 asumi\u00f3 la Primera Vicepresidencia del Consejo Directivo de la Barra, lo que la llev\u00f3 a obtener la Presidencia de este Colegio de la Abogac\u00eda&nbsp;m\u00e1s grande y prestigioso del pa\u00eds, fundado en 1922.<\/p>\n\n\n\n<p><em>Ana Mar\u00eda<\/em>&nbsp;es una mujer feminista,&nbsp;que parafraseando a&nbsp;<em>Marta Lamas<\/em>, Antrop\u00f3loga y Feminista mexicana, en&nbsp;<em>Dimensiones de la Diferencia. G\u00e9nero y Pol\u00edtica. Edit.&nbsp;<\/em><em>Clacso<\/em>, ella&nbsp;<em>no habla<\/em>&nbsp;<em>como mujer<\/em><em>,<\/em><em>&nbsp;<\/em><em>habla<\/em>&nbsp;<em>desde un cuerpo de mujer<\/em>,&nbsp;comprometida con su g\u00e9nero que dej\u00f3 en claro en su primera&nbsp;toma de palabra&nbsp;ante la membres\u00eda de la BMA.<\/p>\n\n\n\n<p>Asegur\u00f3 que contar con mujeres en puestos de liderazgo se traduce en notorias ventajas para la sociedad y el alto desarrollo y nivel de vida de algunos pa\u00edses del norte de Europa es una muestra inobjetable, como lo documenta el&nbsp;<em>\u00cdndice Global de Brecha de G\u00e9nero,<\/em>&nbsp;que se publica anualmente por el&nbsp;<em>World<\/em><em>&nbsp;<\/em><em>Economic<\/em><em>&nbsp;<\/em><em>Forum<\/em><em>.&nbsp;<\/em>Considera: \u201cEn la Barra entendemos perfectamente bien lo anterior y por ello, el incidir en la trayectoria profesional de las abogadas en M\u00e9xico se ha convertido en uno de nuestros cometidos, a cuyo cumplimiento han contribuido decididamente los barristas varones\u2026est\u00e1 demostrado que ellos apoyan a las mujeres, que votan por ellas, que est\u00e1n de acuerdo en que tengamos un puesto de&nbsp;direcci\u00f3n, que seamos Presidentas nacionales, Presidentas de cap\u00edtulos, consejeras, coordinadoras\u2026no nos aprovechamos de nuestro g\u00e9nero para convertimos en v\u00edctimas o m\u00e1rtires de ellos.\u201d.<\/p>\n\n\n\n<p>Agreg\u00f3 que en la Barra ya no hay techos de cristal, se rompieron \u201cy quiero decirles que yo no vine a recoger los cristales rotos de nadie y que todas las mujeres que vengan detr\u00e1s de m\u00ed tampoco tienen que barrer ning\u00fan cristal. Hoy aqu\u00ed ya, las mujeres, somos lo que somos y estamos donde estamos, gracias al trabajo conjunto con todos los varones, que son unos caballeros, en este Colegio.\u201d.<\/p>\n\n\n\n<p>La Presidenta de la BMA mencion\u00f3 \u201cLas mujeres ya llegamos y lo \u00fanico que tenemos que hacer es permanecer, estar, mostrar que trabajamos en equipo, reconocer que fueron los varones los que nos hicieron llegar, que estamos rodeadas de caballeros que est\u00e1n en la mejor disposici\u00f3n de ayudarnos y nosotras a ellos y que no por el hecho de que seamos mujeres los vamos a agarrar a taconazos.\u201d.<\/p>\n\n\n\n<p>Est\u00e1 convencida de que la aut\u00e9ntica equidad de g\u00e9nero se muestra sin fanatismos o poses oportunistas y que viene representando como mujer, la madurez de una Barra incluyente y sin estridencias, la solidez de un Colegio que une con el &nbsp;lazo del dialogo y la conciliaci\u00f3n cualquier discrepancia en opini\u00f3n\u2026porque m\u00e1s all\u00e1 de cualquier discurso destructivo, juntos somos m\u00e1s fuertes que una o uno solo.<\/p>\n\n\n\n<p>Finaliz\u00f3 el mensaje -entre otros temas- en relaci\u00f3n a la multi mencionada &nbsp;Reforma Judicial, que ya se concret\u00f3, \u201c\u2026ahora hay que implementar y para ello se requiere de un vasto conocimiento jur\u00eddico. No va a ser una tarea f\u00e1cil, por lo que el devenir de dichos cambios se tiene que operar sobre la base de las ciencias jur\u00eddicas. Los grandes proyectos requieren grandes talentos, y en la Barra tenemos todo el potencial de la fuerza femenina, que, en suma con la masculina, pueden romper cualquier barrera para lograr juntos lo impensable.<\/p>\n\n\n\n<p>Encontremos las mejores soluciones y puentes de comunicaci\u00f3n con nuestros pares y con el nuevo sistema judicial que viene. Bueno, malo o regular, es ah\u00ed donde la abogac\u00eda mexicana deber\u00e1 trabajar y mostrar su grandeza, unidad, su amor al estudio, al trabajo, a la entrega por lo que creemos, a la \u00e9tica y a buscar&nbsp;ante todo la justicia para quien la necesita, sin distingos de&nbsp;c\u00f3digos&nbsp;postales a los que se pertenezca.\u201d.<\/p>\n\n\n\n<p>Desde este espacio&nbsp;<em>Alguien como t\u00fa<\/em><em>&nbsp;<\/em>se&nbsp;suma a esta inercia constructiva y propositiva a favor de&nbsp;nuestro pa\u00eds y&nbsp;los derechos&nbsp;humanos&nbsp;de la membres\u00eda femenina,&nbsp;auguramos&nbsp;a la Presidenta de la BMA&nbsp;<em>Ana Mar\u00eda&nbsp;<\/em><em>Kudisch<\/em><em>&nbsp;Castell\u00f3<\/em>&nbsp;el mayor de los \u00e9xitos en su encomienda\u2026<\/p>\n","protected":false},"excerpt":{"rendered":"<p>Siempre ha sido&nbsp;tiempo de mujeres,&nbsp;no es una expresi\u00f3n de moda, es una realidad,&nbsp;\u00fanicamente ahora los&nbsp;tiempos van cambiando hacia una sociedad inclusiva y paritaria en la participaci\u00f3n de&nbsp;mujeres&nbsp;yhombres en la&nbsp;abogac\u00eda. Cuando tocamos este tema, es inevitable que venga a nuestra mente el nombre de&nbsp;Concepci\u00f3n Arenal, espa\u00f1ola de origen, quien a los veinti\u00fan a\u00f1os de edad, para [&hellip;]<\/p>\n","protected":false},"author":45,"featured_media":108635,"comment_status":"open","ping_status":"open","sticky":false,"template":"","format":"standard","meta":{"_monsterinsights_skip_tracking":false,"_monsterinsights_sitenote_active":false,"_monsterinsights_sitenote_note":"","_monsterinsights_sitenote_category":0,"footnotes":""},"categories":[15405],"tags":[],"class_list":["post-174221","post","type-post","status-publish","format-standard","has-post-thumbnail","hentry","category-alguien-como-tu","wp-image-borders"],"amp_enabled":true,"_links":{"self":[{"href":"https:\/\/nvnoticias.mx\/index.php\/wp-json\/wp\/v2\/posts\/174221","targetHints":{"allow":["GET"]}}],"collection":[{"href":"https:\/\/nvnoticias.mx\/index.php\/wp-json\/wp\/v2\/posts"}],"about":[{"href":"https:\/\/nvnoticias.mx\/index.php\/wp-json\/wp\/v2\/types\/post"}],"author":[{"embeddable":true,"href":"https:\/\/nvnoticias.mx\/index.php\/wp-json\/wp\/v2\/users\/45"}],"replies":[{"embeddable":true,"href":"https:\/\/nvnoticias.mx\/index.php\/wp-json\/wp\/v2\/comments?post=174221"}],"version-history":[{"count":2,"href":"https:\/\/nvnoticias.mx\/index.php\/wp-json\/wp\/v2\/posts\/174221\/revisions"}],"predecessor-version":[{"id":174223,"href":"https:\/\/nvnoticias.mx\/index.php\/wp-json\/wp\/v2\/posts\/174221\/revisions\/174223"}],"wp:featuredmedia":[{"embeddable":true,"href":"https:\/\/nvnoticias.mx\/index.php\/wp-json\/wp\/v2\/media\/108635"}],"wp:attachment":[{"href":"https:\/\/nvnoticias.mx\/index.php\/wp-json\/wp\/v2\/media?parent=174221"}],"wp:term":[{"taxonomy":"category","embeddable":true,"href":"https:\/\/nvnoticias.mx\/index.php\/wp-json\/wp\/v2\/categories?post=174221"},{"taxonomy":"post_tag","embeddable":true,"href":"https:\/\/nvnoticias.mx\/index.php\/wp-json\/wp\/v2\/tags?post=174221"}],"curies":[{"name":"wp","href":"https:\/\/api.w.org\/{rel}","templated":true}]}}