{"id":174216,"date":"2025-02-24T08:33:30","date_gmt":"2025-02-24T14:33:30","guid":{"rendered":"https:\/\/nvnoticias.mx\/?p=174216"},"modified":"2025-02-24T08:33:31","modified_gmt":"2025-02-24T14:33:31","slug":"la-famosa-carta-del-mayo-zambada","status":"publish","type":"post","link":"https:\/\/nvnoticias.mx\/index.php\/2025\/02\/24\/la-famosa-carta-del-mayo-zambada\/","title":{"rendered":"La famosa carta del &#8220;Mayo&#8221; Zambada"},"content":{"rendered":"\n<p><\/p>\n\n\n\n<figure class=\"wp-block-pullquote\"><blockquote><p><strong>Edgard Gonz\u00e1lez Su\u00e1rez<\/strong><\/p><\/blockquote><\/figure>\n\n\n\n<p>EL pasado 21 de febrero, suscrita en Nueva York, Ismael Zambada, el famoso \u201cMayo\u201d, se dirigi\u00f3 al gobierno mexicano mediante un escrito, para pedir protecci\u00f3n de sus derechos consulares y del Estado Mexicano, se\u00f1alando haber sido detenido de manera enga\u00f1osa e ilegal (25 de julio de 2024) y estar sometido a juicio en un pa\u00eds extranjero y donde podr\u00eda enfrentar, como sentencia, la pena de muerte.<\/p>\n\n\n\n<p>La \u201cfamosa\u201d carta define el car\u00e1cter violatorio de sus garant\u00edas ciudadanas y sostiene que fue privado de su libertad en territorio nacional mediante coacci\u00f3n f\u00edsica y enga\u00f1os, y se\u00f1ala en uno de sus argumentos que ni el gobierno mexicano ni el norteamericano estaban al tanto de ese operativo y hoy se encuentra en prisi\u00f3n y sometido a juicio. Acto seguido los abogados del \u201cMayo\u201d Zambada exponen y refieren los art\u00edculos pertinentes en la Convenci\u00f3n de Viena (1963), en la Convenci\u00f3n sobre Derechos Humanos (1969), el Pacto Internacional sobre Derechos Civiles y Pol\u00edticos (1966) para demostrar que fue violentado en sus derechos, La Ley de Migraci\u00f3n y la Constituci\u00f3n Pol\u00edtica de los Estados Unidos Mexicanos.<\/p>\n\n\n\n<p>Como podemos entender, y leer en la carta que circula en las redes sociales, Zambada Garc\u00eda pide, funda y motiva su solicitud para que el gobierno mexicano inicie el tr\u00e1mite correspondiente para su pronta repatriaci\u00f3n. La Secretar\u00eda de Relaciones Exteriores confirma la carta, o m\u00e1s bien un escrito de 33 hojas, donde se\u00f1ala con puntualidad, lo que, a su juicio, fueron las violaciones a sus derechos y garant\u00edas.<\/p>\n\n\n\n<p>La derecha medi\u00e1tica y pol\u00edtica ha intentado, por en\u00e9sima vez, sacar raja pol\u00edtica del tema e intentar convencer a la opini\u00f3n p\u00fablica que el \u201cMayo\u201d Zambada intenta someter a Claudia Sheinbaum para que lo \u201cregrese\u201d a M\u00e9xico, para que lo \u201csalve\u201d de la pena de muerte,&nbsp; y sobre todo, no se cansaron de se\u00f1alar, que en la \u201cfamosa\u201d carta, el l\u00edder del c\u00e1rtel de Sinaloa \u201camenazaba\u201d con filtrar una lista extensa de pol\u00edticos y autoridades del gobierno involucrados en el tr\u00e1fico de narc\u00f3ticos en nuestro pa\u00eds.<\/p>\n\n\n\n<p>Nada de eso aparece en el documento entregado al Consulado Mexicano en Nueva York. Quienes quieren acorralar al Gobierno M\u00e9xico y especialmente a su presidenta, son los corifeos medi\u00e1ticos, los intereses m\u00e1s entreguistas y por su puesto la derecha partidaria.<\/p>\n\n\n\n<p>La carta se destaca por su car\u00e1cter jur\u00eddico, por intentar anteponer argumentos legales, constitucionales e incluso reglamentarios que son vigentes tanto en M\u00e9xico como en los Estados Unidos, y lo que s\u00ed se\u00f1ala, es que la solicitud de no ser atendida podr\u00eda tener consecuencias, pero en ning\u00fan lado afirma, que esas consecuencias las tendr\u00eda el Gobierno Mexicano por no haberlo repatriado a \u00e9l, sino consecuencias jur\u00eddicas y de largo plazo, al quedar expuesto y subordinado, el gobierno de M\u00e9xico al gobierno norteamericano.<\/p>\n\n\n\n<blockquote class=\"wp-block-quote is-layout-flow wp-block-quote-is-layout-flow\">\n<p><em>\u201cNegar mi solicitud de repatriaci\u00f3n o de no aplicaci\u00f3n de penas prohibidas y trascendentales tendr\u00eda como consecuencia aceptar la subordinaci\u00f3n al gobierno norteamericano (\u2026) si el gobierno de M\u00e9xico no act\u00faa el suscrito, ser\u00e9 condenado a pena de muerte sin lugar a ninguna duda&#8221;.<\/em><\/p>\n<\/blockquote>\n\n\n\n<p>Se\u00f1ala claramente, que el tema es un asunto de soberan\u00eda y de s\u00ed M\u00e9xico permitir\u00e1 que un pa\u00eds extranjero violente la legalidad nacional e internacional.<\/p>\n\n\n\n<blockquote class=\"wp-block-quote is-layout-flow wp-block-quote-is-layout-flow\">\n<p><em>\u201cAdem\u00e1s esto constituir\u00e1 un precedente peligroso que permitir\u00eda que en cualquier momento cualquier gobierno extranjero pudiera, de manera impune, violentar nuestro territorio y soberan\u00eda\u201d, contin\u00faa el texto.<\/em><\/p>\n<\/blockquote>\n\n\n\n<p>Desde la visi\u00f3n de los abogados del \u201cMayo\u201d, al verse sometido a un juicio en los Estados Unidos, habiendo sido secuestrado y violentado toda clase de garant\u00edas, la relaci\u00f3n entre los dos pa\u00edses podr\u00eda \u201cfracturarse\u201d.<\/p>\n\n\n\n<blockquote class=\"wp-block-quote is-layout-flow wp-block-quote-is-layout-flow\">\n<p><em>\u201cno se debe de perder de vista la irregular e ilegal manera en que el suscrito fui puesto a disposici\u00f3n de las autoridades de los Estados Unidos de Am\u00e9rica (\u2026) en caso de ser juzgado en los Estados Unidos de Am\u00e9rica, mi caso puede constituir un punto de fractura en la relaci\u00f3n en materia de cooperaci\u00f3n de impartici\u00f3n de justicia entre M\u00e9xico y los Estados Unidos\u201d.<\/em><\/p>\n<\/blockquote>\n\n\n\n<p>En ning\u00fan p\u00e1rrafo, se menciona lista de funcionarios gubernamentales -ni de este ni de ning\u00fan otro gobierno-, en ning\u00fan p\u00e1rrafo se intenta \u201cacorralar\u201d a Claudia Sheinbaum, en ning\u00fan p\u00e1rrafo se menciona consecuencia alguna en contra del Gobierno o del pa\u00eds, promovida por \u00e9l en caso de no ser repatriado.<\/p>\n\n\n\n<p>Nos puede gustar o no la carta, podr\u00edamos estar a favor de su repatriaci\u00f3n o no, pero, desde mi punto de vista, lo que haya dicho Ismael Zambada en los interrogatorios a que fue sometido, ya lo dijo, ya lo tienen los Estados Unidos en sus expedientes y la \u201cfamosa\u201d carta podr\u00eda ser parte de una estrategia para que sea juzgado en M\u00e9xico -una papa caliente para el gobierno de M\u00e9xico- a cambio de disminuir o terminar con el C\u00e1rtel de Sinaloa y de otros c\u00e1rteles que ya est\u00e1n en la mira.<\/p>\n","protected":false},"excerpt":{"rendered":"<p>Edgard Gonz\u00e1lez Su\u00e1rez EL pasado 21 de febrero, suscrita en Nueva York, Ismael Zambada, el famoso \u201cMayo\u201d, se dirigi\u00f3 al gobierno mexicano mediante un escrito, para pedir protecci\u00f3n de sus derechos consulares y del Estado Mexicano, se\u00f1alando haber sido detenido de manera enga\u00f1osa e ilegal (25 de julio de 2024) y estar sometido a juicio [&hellip;]<\/p>\n","protected":false},"author":26,"featured_media":162745,"comment_status":"open","ping_status":"open","sticky":false,"template":"","format":"standard","meta":{"_monsterinsights_skip_tracking":false,"_monsterinsights_sitenote_active":false,"_monsterinsights_sitenote_note":"","_monsterinsights_sitenote_category":0,"footnotes":""},"categories":[242],"tags":[702],"class_list":["post-174216","post","type-post","status-publish","format-standard","has-post-thumbnail","hentry","category-macroscopio","tag-edgard-gonzalez-suarez","wp-image-borders"],"amp_enabled":true,"_links":{"self":[{"href":"https:\/\/nvnoticias.mx\/index.php\/wp-json\/wp\/v2\/posts\/174216","targetHints":{"allow":["GET"]}}],"collection":[{"href":"https:\/\/nvnoticias.mx\/index.php\/wp-json\/wp\/v2\/posts"}],"about":[{"href":"https:\/\/nvnoticias.mx\/index.php\/wp-json\/wp\/v2\/types\/post"}],"author":[{"embeddable":true,"href":"https:\/\/nvnoticias.mx\/index.php\/wp-json\/wp\/v2\/users\/26"}],"replies":[{"embeddable":true,"href":"https:\/\/nvnoticias.mx\/index.php\/wp-json\/wp\/v2\/comments?post=174216"}],"version-history":[{"count":1,"href":"https:\/\/nvnoticias.mx\/index.php\/wp-json\/wp\/v2\/posts\/174216\/revisions"}],"predecessor-version":[{"id":174217,"href":"https:\/\/nvnoticias.mx\/index.php\/wp-json\/wp\/v2\/posts\/174216\/revisions\/174217"}],"wp:featuredmedia":[{"embeddable":true,"href":"https:\/\/nvnoticias.mx\/index.php\/wp-json\/wp\/v2\/media\/162745"}],"wp:attachment":[{"href":"https:\/\/nvnoticias.mx\/index.php\/wp-json\/wp\/v2\/media?parent=174216"}],"wp:term":[{"taxonomy":"category","embeddable":true,"href":"https:\/\/nvnoticias.mx\/index.php\/wp-json\/wp\/v2\/categories?post=174216"},{"taxonomy":"post_tag","embeddable":true,"href":"https:\/\/nvnoticias.mx\/index.php\/wp-json\/wp\/v2\/tags?post=174216"}],"curies":[{"name":"wp","href":"https:\/\/api.w.org\/{rel}","templated":true}]}}