{"id":174209,"date":"2025-02-24T08:11:28","date_gmt":"2025-02-24T14:11:28","guid":{"rendered":"https:\/\/nvnoticias.mx\/?p=174209"},"modified":"2025-02-24T08:11:29","modified_gmt":"2025-02-24T14:11:29","slug":"observaciones-de-asf-la-tranquilidad-de-cuitlahuac","status":"publish","type":"post","link":"https:\/\/nvnoticias.mx\/index.php\/2025\/02\/24\/observaciones-de-asf-la-tranquilidad-de-cuitlahuac\/","title":{"rendered":"Observaciones de ASF, la tranquilidad de Cuitl\u00e1huac"},"content":{"rendered":"\n<p><\/p>\n\n\n\n<figure class=\"wp-block-pullquote\"><blockquote><p><strong>Ricardo Chua<\/strong><\/p><\/blockquote><\/figure>\n\n\n\n<p>Cuenta &#8220;Garganta Profunda&#8221; que la visita del ex gobernador, Cuitl\u00e1huac Garc\u00eda Jim\u00e9nez, este fin de semana a Veracruz.. Espec\u00edficamente a Xalapa (A donde no hab\u00eda tenido una actividad p\u00fablica desde que fue nombrado como director de CENEGAS en el gobierno federal), se debi\u00f3 a la preocupaci\u00f3n e intranquilidad que le invade como funcionario p\u00fablico, dado las observaciones hechas a su gobierno por la Auditoria Superior de la Federaci\u00f3n (ASF).. Los que lo vieron saben que tiene temor.. Y bien justificado..<\/p>\n\n\n\n<p>El ex mandatario lleg\u00f3 el viernes.. Al sitio que habita desde que era gobernador, una propiedad conocida como &#8220;Casa de Piedra&#8221;, ubicada en la ciudad de Xalapa.. Se podr\u00eda decir que este sitio es su &#8220;Residencia no oficial&#8221;, que es propiedad de Gobierno del Estado, en donde Cuitl\u00e1huac a\u00fan vive.. Lo EXTRA\u00d1O del asunto es que siendo propiedad de la administraci\u00f3n estatal.. La actual gobernadora, Roc\u00edo Nahle Garc\u00eda.. No le ha pedido a su antecesor que ABANDONE o DESALOJE este lugar.. Dado que \u00e9l ya no es parte del Servicio P\u00fablico del Estado.. Pero ah\u00ed vive..<\/p>\n\n\n\n<p>Hay que recordar, que en el anterior sexenio, &#8220;Casa de Piedra&#8221;, se convirti\u00f3 en el &#8220;b\u00fanker&#8221; alterno y fue tambi\u00e9n el punto de encuentro con sus m\u00e1s cercanos colaboradores.. Todos esos d\u00edas que Cuitl\u00e1huac se la pasaba en Xalapa y no deseaba ir a Palacio de Gobierno.. Ya que ah\u00ed adem\u00e1s de sus reuniones de trabajo.. Tambi\u00e9n operaba pol\u00edticamente.. Se festejaba eventos personales del gobernador o de alguien del gabinete.. En fin era un sitio de trabajo, diversi\u00f3n y gozo.. Pero eso tuvo que terminar el pasado 30 de noviembre, pero el caso es que a\u00fan Cuitl\u00e1huac Garc\u00eda vive ah\u00ed..<\/p>\n\n\n\n<p>Seg\u00fan los &#8220;chismes&#8221; que se cuentan en las oficinas de la calle &#8220;Enr\u00edquez&#8221; de esta capital.. Que la raz\u00f3n por la cual, lo dejan habitar esa propiedad campestre del gobierno estatal.. Es como un acto de caridad o compasi\u00f3n porque fue una petici\u00f3n del ex Presidente, Andr\u00e9s Manuel L\u00f3pez Obrador.. De que respetaran al ex mandatario.. Pero despu\u00e9s que la Auditor\u00eda Superior de la Federaci\u00f3n (ASF) pusiera en la mira a Veracruz, con observaciones de m\u00e1s de 3 mil millones de pesos a Cuitl\u00e1huac Garc\u00eda.. Pues como que ese respeto se perdi\u00f3 porque le cay\u00f3 la noticia como &#8220;balde de agua fr\u00eda&#8221;..<\/p>\n\n\n\n<p>Por eso dice &#8220;Garganta Profunda&#8221; que al ahora titular de CENAGAS federal.. Encontr\u00f3 una excusa perfecta para justificar su visita a Veracruz.. Como el hacer una supuesta \u201csupervisi\u00f3n\u201d a la estaci\u00f3n de Compresi\u00f3n \u201cEmiliano Zapata\u201d, ah\u00ed cerca de la capital, ubicada en la congregaci\u00f3n de Dos R\u00edos en el municipio Emiliano Zapata.. Muy cerca de El Lencero y la Academia Estatal de Polic\u00eda, y coincidentemente en un predio contiguo a la famosa &#8220;Casa de Piedra&#8221;\u2026 Pero es obvio y es un hecho de que Cuitl\u00e1huac Garc\u00eda no vino a supervisar ductos.. \u00bfA qu\u00e9 vino?..<\/p>\n\n\n\n<p>Lo real y que cuentan sus &#8220;bi\u00f3grafos&#8221; no autorizados del gobierno estatal.. Es que Cuitl\u00e1huac Garc\u00eda vino a Xalapa por el tema de las observaciones de la ASF.. Y que desde la &#8220;Casa de Piedra&#8221;.. Presuntamente se ha reuni\u00f3 con quienes, \u00e9l considera que le pueden ayudar a resolver el problema en el que se encuentra inmerso.. Pero para la sorpresa del ex gobernador.. No todos sus ex funcionarios, le respondieron al &#8220;tronar&#8221; los dedos, es decir, ya est\u00e1 viviendo la realidad de cuando se deja el poder.. As\u00ed que &#8220;El Rey ya muri\u00f3.. Viva la Reina&#8221;.. Y ya no le est\u00e1n, ni contestando el tel\u00e9fono.,.<\/p>\n\n\n\n<p>Sin embrago, &#8220;Garganta Profunda&#8221; menciona que en su beneficio, Cuitl\u00e1huac tambi\u00e9n tiene sus alfiles leales.. Que son los mismo que est\u00e1n involucrados en las observaciones que les &#8220;recet\u00f3&#8221; la ASF.. Y que se est\u00e1n &#8220;jugando&#8221; el &#8220;pellejo&#8221; en conjunto.. Con quienes para \u00e9l era prioridad sentarse y darles indicaciones.. Ya que siempre el &#8220;hilo se rompe por lo m\u00e1s delgado&#8221;.. Y sea como sea, Cuitl\u00e1huac Garc\u00eda ya est\u00e1 dentro de una dependencia federal de la Secretar\u00eda de Energ\u00eda.. Y se podr\u00eda pensar que cuenta con el apoyo de Claudia Sheinbaum.. Pero los otros ex funcionarios no..<\/p>\n\n\n\n<p>Lo que se especula es que, quiz\u00e1s, la reuniones m\u00e1s importantes por las cuales vino Cuitl\u00e1huac a Xalapa.. Podr\u00edan ser tres: La primera es con su pap\u00e1, el ex diputado local del PRD, Atanasio Garc\u00eda Dur\u00e1n.. Ya que siempre se supo al interior del gobierno, que antes de decir o hacer cualquier cosa.. Cuitl\u00e1huac deb\u00eda consultar con &#8220;TataNacho&#8221;, que es el patriarca de la familia, y que fue el que impuls\u00f3 al primo Eleazar Guerrero como subsecretario de Sefiplan.. Y estuvo atr\u00e1s de bambalinas de muchas acciones de su administraci\u00f3n y busc\u00f3 que le trazar\u00e1 la l\u00ednea de c\u00f3mo resolver el problema que le agobia..<\/p>\n\n\n\n<p>La segunda ser\u00eda con Jos\u00e9 Luis \u2060Lima Franco, su ex titular de SEFIPLAN.. \u00bfHubo deuda o no?.. En su sexenio dijeron que no hubo deuda, pero ahora la ASF dice que si.. Pero adem\u00e1s de eso, seguro lo vio para encargarle la parte documental.. Ya sea a trav\u00e9s de un despacho o un intermediario que oriente a todos los ex titulares de su gabinete.. La tercera ser\u00eda con El Primo \u2060Eleazar.. Que era el poderoso personaje que le controlaba todas las unidades administrativas de su gobierno.. Y que era y es la persona en la cual, Cuitl\u00e1huac Garc\u00eda hasta hoy conf\u00eda ciegamente.. ABROOONN..<\/p>\n\n\n\n<p>REFLEXI\u00d3N.. El asunto aqu\u00ed puede ser, sin temor a equivocarnos, que el ex gobernador, Cuitl\u00e1huac Garc\u00eda, quiz\u00e1, no ha terminado de entender.. Que estas observaciones de la Auditoria Superior de la Federaci\u00f3n, las deber\u00e1 subsanarlas fuera del poder.. En condiciones totalmente diferentes a otros a\u00f1os, cuando era un gobernador muy poderoso de la 4T en el pa\u00eds.. Pero que hoy ya no tiene ese cargo o investidura.. Pero sobre todo ya no cuenta, ni con el respaldo Presidencial.. Ya que en todo caso, lo m\u00e1s que tiene es un cargo de &#8220;medio pelo&#8221; en el gobierno federal.. Hasta donde lo cubrir\u00e1 el &#8220;manto&#8221; de Claudia Sheinbaum.. ESE ES EL TEMOR DE CUITL\u00c1HUAC.. AMEN..<\/p>\n","protected":false},"excerpt":{"rendered":"<p>Ricardo Chua Cuenta &#8220;Garganta Profunda&#8221; que la visita del ex gobernador, Cuitl\u00e1huac Garc\u00eda Jim\u00e9nez, este fin de semana a Veracruz.. Espec\u00edficamente a Xalapa (A donde no hab\u00eda tenido una actividad p\u00fablica desde que fue nombrado como director de CENEGAS en el gobierno federal), se debi\u00f3 a la preocupaci\u00f3n e intranquilidad que le invade como funcionario [&hellip;]<\/p>\n","protected":false},"author":29,"featured_media":174210,"comment_status":"open","ping_status":"open","sticky":false,"template":"","format":"standard","meta":{"_monsterinsights_skip_tracking":false,"_monsterinsights_sitenote_active":false,"_monsterinsights_sitenote_note":"","_monsterinsights_sitenote_category":0,"footnotes":""},"categories":[245],"tags":[327],"class_list":["post-174209","post","type-post","status-publish","format-standard","has-post-thumbnail","hentry","category-dialogos-de-poder","tag-ricardo-chua","wp-image-borders"],"amp_enabled":true,"_links":{"self":[{"href":"https:\/\/nvnoticias.mx\/index.php\/wp-json\/wp\/v2\/posts\/174209","targetHints":{"allow":["GET"]}}],"collection":[{"href":"https:\/\/nvnoticias.mx\/index.php\/wp-json\/wp\/v2\/posts"}],"about":[{"href":"https:\/\/nvnoticias.mx\/index.php\/wp-json\/wp\/v2\/types\/post"}],"author":[{"embeddable":true,"href":"https:\/\/nvnoticias.mx\/index.php\/wp-json\/wp\/v2\/users\/29"}],"replies":[{"embeddable":true,"href":"https:\/\/nvnoticias.mx\/index.php\/wp-json\/wp\/v2\/comments?post=174209"}],"version-history":[{"count":1,"href":"https:\/\/nvnoticias.mx\/index.php\/wp-json\/wp\/v2\/posts\/174209\/revisions"}],"predecessor-version":[{"id":174211,"href":"https:\/\/nvnoticias.mx\/index.php\/wp-json\/wp\/v2\/posts\/174209\/revisions\/174211"}],"wp:featuredmedia":[{"embeddable":true,"href":"https:\/\/nvnoticias.mx\/index.php\/wp-json\/wp\/v2\/media\/174210"}],"wp:attachment":[{"href":"https:\/\/nvnoticias.mx\/index.php\/wp-json\/wp\/v2\/media?parent=174209"}],"wp:term":[{"taxonomy":"category","embeddable":true,"href":"https:\/\/nvnoticias.mx\/index.php\/wp-json\/wp\/v2\/categories?post=174209"},{"taxonomy":"post_tag","embeddable":true,"href":"https:\/\/nvnoticias.mx\/index.php\/wp-json\/wp\/v2\/tags?post=174209"}],"curies":[{"name":"wp","href":"https:\/\/api.w.org\/{rel}","templated":true}]}}