{"id":174192,"date":"2025-02-23T07:58:00","date_gmt":"2025-02-23T13:58:00","guid":{"rendered":"https:\/\/nvnoticias.mx\/?p=174192"},"modified":"2025-02-22T23:59:17","modified_gmt":"2025-02-23T05:59:17","slug":"emilia-perez-se-convierte-en-un-fracaso-de-taquilla-a-nivel-mundial","status":"publish","type":"post","link":"https:\/\/nvnoticias.mx\/index.php\/2025\/02\/23\/emilia-perez-se-convierte-en-un-fracaso-de-taquilla-a-nivel-mundial\/","title":{"rendered":"\u201cEmilia P\u00e9rez\u201d se convierte en un fracaso de taquilla a nivel mundial"},"content":{"rendered":"\n<p>La pel\u00edcula Emilia P\u00e9rez, dirigida por Jacques Audiard y protagonizada por Karla Sof\u00eda Gasc\u00f3n, Selena Gomez y Zoe Salda\u00f1a, ha resultado ser un fracaso en taquilla a nivel internacional. A pesar de su \u00e9xito en festivales como Cannes y su destacada presencia en la temporada de premios con 13 nominaciones al \u00d3scar, la cinta no logr\u00f3 atraer al p\u00fablico masivo a los cines.<\/p>\n\n\n\n<p>Seg\u00fan reportes recientes, la recaudaci\u00f3n de Emilia P\u00e9rez ha estado muy por debajo de las expectativas, acumulando cifras decepcionantes en mercados clave como Estados Unidos, Francia y M\u00e9xico. Se estima que el filme, cuyo presupuesto fue considerablemente alto debido a su producci\u00f3n internacional y elenco de renombre, no logr\u00f3 recuperar la inversi\u00f3n inicial.<\/p>\n\n\n\n<p>Cr\u00edticos y expertos en la industria han se\u00f1alado que la combinaci\u00f3n de su enfoque musical, la pol\u00e9mica en torno a la actuaci\u00f3n de Karla Sof\u00eda Gasc\u00f3n y la falta de un atractivo comercial claro pudieron haber influido en su bajo desempe\u00f1o en taquilla. Adem\u00e1s, el estreno limitado en algunas regiones y la falta de una estrategia de marketing efectiva han sido factores que afectaron su rendimiento.<\/p>\n\n\n\n<p>A pesar de estos resultados comerciales, Emilia P\u00e9rez sigue siendo una de las pel\u00edculas m\u00e1s comentadas de la temporada de premios y a\u00fan tiene la oportunidad de redimirse con su posible lanzamiento en plataformas de streaming. Sin embargo, su desempe\u00f1o en cines deja claro que el \u00e9xito cr\u00edtico no siempre se traduce en \u00e9xito financiero.<\/p>\n","protected":false},"excerpt":{"rendered":"<p>La pel\u00edcula Emilia P\u00e9rez, dirigida por Jacques Audiard y protagonizada por Karla Sof\u00eda Gasc\u00f3n, Selena Gomez y Zoe Salda\u00f1a, ha resultado ser un fracaso en taquilla a nivel internacional. A pesar de su \u00e9xito en festivales como Cannes y su destacada presencia en la temporada de premios con 13 nominaciones al \u00d3scar, la cinta no [&hellip;]<\/p>\n","protected":false},"author":35,"featured_media":150063,"comment_status":"open","ping_status":"open","sticky":false,"template":"","format":"standard","meta":{"_monsterinsights_skip_tracking":false,"_monsterinsights_sitenote_active":false,"_monsterinsights_sitenote_note":"","_monsterinsights_sitenote_category":0,"footnotes":""},"categories":[576],"tags":[30067],"class_list":["post-174192","post","type-post","status-publish","format-standard","has-post-thumbnail","hentry","category-ocio","tag-emilia-perez","wp-image-borders"],"amp_enabled":true,"_links":{"self":[{"href":"https:\/\/nvnoticias.mx\/index.php\/wp-json\/wp\/v2\/posts\/174192","targetHints":{"allow":["GET"]}}],"collection":[{"href":"https:\/\/nvnoticias.mx\/index.php\/wp-json\/wp\/v2\/posts"}],"about":[{"href":"https:\/\/nvnoticias.mx\/index.php\/wp-json\/wp\/v2\/types\/post"}],"author":[{"embeddable":true,"href":"https:\/\/nvnoticias.mx\/index.php\/wp-json\/wp\/v2\/users\/35"}],"replies":[{"embeddable":true,"href":"https:\/\/nvnoticias.mx\/index.php\/wp-json\/wp\/v2\/comments?post=174192"}],"version-history":[{"count":1,"href":"https:\/\/nvnoticias.mx\/index.php\/wp-json\/wp\/v2\/posts\/174192\/revisions"}],"predecessor-version":[{"id":174193,"href":"https:\/\/nvnoticias.mx\/index.php\/wp-json\/wp\/v2\/posts\/174192\/revisions\/174193"}],"wp:featuredmedia":[{"embeddable":true,"href":"https:\/\/nvnoticias.mx\/index.php\/wp-json\/wp\/v2\/media\/150063"}],"wp:attachment":[{"href":"https:\/\/nvnoticias.mx\/index.php\/wp-json\/wp\/v2\/media?parent=174192"}],"wp:term":[{"taxonomy":"category","embeddable":true,"href":"https:\/\/nvnoticias.mx\/index.php\/wp-json\/wp\/v2\/categories?post=174192"},{"taxonomy":"post_tag","embeddable":true,"href":"https:\/\/nvnoticias.mx\/index.php\/wp-json\/wp\/v2\/tags?post=174192"}],"curies":[{"name":"wp","href":"https:\/\/api.w.org\/{rel}","templated":true}]}}