{"id":17412,"date":"2021-06-30T10:56:17","date_gmt":"2021-06-30T15:56:17","guid":{"rendered":"https:\/\/nvnoticias.mx\/?p=17412"},"modified":"2021-06-30T10:56:56","modified_gmt":"2021-06-30T15:56:56","slug":"padres-de-ninos-con-cancer-exigen-renuncia-de-gatell","status":"publish","type":"post","link":"https:\/\/nvnoticias.mx\/index.php\/2021\/06\/30\/padres-de-ninos-con-cancer-exigen-renuncia-de-gatell\/","title":{"rendered":"Padres de ni\u00f1os con c\u00e1ncer exigen medicamentos y la renuncia de Gatell"},"content":{"rendered":"\n<p>Pese a la lluvia,\u00a0padres de ni\u00f1os con c\u00e1ncer\u00a0comenzaron el\u00a0bloqueo en el AICM\u00a0para exigir la renuncia del subsecretario\u00a0Hugo L\u00f3pez-Gatell\u00a0por sus declaraciones de hace unos d\u00edas en el sentido de que sus protestas iban en un sentido de golpe de estado y por el desabasto de medicamentos oncol\u00f3gicos.\u00a0<br>\u00a0<br>Los padres de los ni\u00f1os con c\u00e1ncer comenzaron el bloqueo en la Terminal 1 del Aeropuerto Internacional de la Ciudad de M\u00e9xico, pero debido a la lluvia, se resguardaron debajo del puente que conecta a la terminal con su estacionamiento.\u00a0<\/p>\n\n\n\n<p>Con pancartas fluorescentes en las que exigen la renuncia de L\u00f3pez-Gatell, tambi\u00e9n manifestaron que\u00a0no son grupos de derecha o aleccionados. \u201cNo somos partidistas, simplemente queremos la atenci\u00f3n m\u00e9dica que necesitan nuestros hijos\u201d, dijo un padre de familia a medios de comunicaci\u00f3n.\u00a0<\/p>\n\n\n\n<p>Fuente: El Universal<\/p>\n","protected":false},"excerpt":{"rendered":"<p>Pese a la lluvia,\u00a0padres de ni\u00f1os con c\u00e1ncer\u00a0comenzaron el\u00a0bloqueo en el AICM\u00a0para exigir la renuncia del subsecretario\u00a0Hugo L\u00f3pez-Gatell\u00a0por sus declaraciones de hace unos d\u00edas en el sentido de que sus protestas iban en un sentido de golpe de estado y por el desabasto de medicamentos oncol\u00f3gicos.\u00a0\u00a0Los padres de los ni\u00f1os con c\u00e1ncer comenzaron el bloqueo [&hellip;]<\/p>\n","protected":false},"author":6,"featured_media":17419,"comment_status":"open","ping_status":"open","sticky":false,"template":"","format":"standard","meta":{"_monsterinsights_skip_tracking":false,"_monsterinsights_sitenote_active":false,"_monsterinsights_sitenote_note":"","_monsterinsights_sitenote_category":0,"footnotes":""},"categories":[157],"tags":[1010,3971,4712,162],"class_list":["post-17412","post","type-post","status-publish","format-standard","has-post-thumbnail","hentry","category-nacional","tag-hugo-lopez-gatell","tag-medicamentos","tag-ninos-con-cancer","tag-portada","wp-image-borders"],"amp_enabled":true,"_links":{"self":[{"href":"https:\/\/nvnoticias.mx\/index.php\/wp-json\/wp\/v2\/posts\/17412","targetHints":{"allow":["GET"]}}],"collection":[{"href":"https:\/\/nvnoticias.mx\/index.php\/wp-json\/wp\/v2\/posts"}],"about":[{"href":"https:\/\/nvnoticias.mx\/index.php\/wp-json\/wp\/v2\/types\/post"}],"author":[{"embeddable":true,"href":"https:\/\/nvnoticias.mx\/index.php\/wp-json\/wp\/v2\/users\/6"}],"replies":[{"embeddable":true,"href":"https:\/\/nvnoticias.mx\/index.php\/wp-json\/wp\/v2\/comments?post=17412"}],"version-history":[{"count":2,"href":"https:\/\/nvnoticias.mx\/index.php\/wp-json\/wp\/v2\/posts\/17412\/revisions"}],"predecessor-version":[{"id":17417,"href":"https:\/\/nvnoticias.mx\/index.php\/wp-json\/wp\/v2\/posts\/17412\/revisions\/17417"}],"wp:featuredmedia":[{"embeddable":true,"href":"https:\/\/nvnoticias.mx\/index.php\/wp-json\/wp\/v2\/media\/17419"}],"wp:attachment":[{"href":"https:\/\/nvnoticias.mx\/index.php\/wp-json\/wp\/v2\/media?parent=17412"}],"wp:term":[{"taxonomy":"category","embeddable":true,"href":"https:\/\/nvnoticias.mx\/index.php\/wp-json\/wp\/v2\/categories?post=17412"},{"taxonomy":"post_tag","embeddable":true,"href":"https:\/\/nvnoticias.mx\/index.php\/wp-json\/wp\/v2\/tags?post=17412"}],"curies":[{"name":"wp","href":"https:\/\/api.w.org\/{rel}","templated":true}]}}