{"id":174099,"date":"2025-02-22T12:47:28","date_gmt":"2025-02-22T18:47:28","guid":{"rendered":"https:\/\/nvnoticias.mx\/?p=174099"},"modified":"2025-02-22T12:47:31","modified_gmt":"2025-02-22T18:47:31","slug":"se-reactiva-el-transporte-publico-urbano-en-veracruz-y-boca-del-rio","status":"publish","type":"post","link":"https:\/\/nvnoticias.mx\/index.php\/2025\/02\/22\/se-reactiva-el-transporte-publico-urbano-en-veracruz-y-boca-del-rio\/","title":{"rendered":"Se reactiva el transporte p\u00fablico urbano en Veracruz y Boca del R\u00edo"},"content":{"rendered":"\n<p><\/p>\n\n\n\n<p><strong>Jes\u00fas Utrilla \/ NV Noticias<\/strong><\/p>\n\n\n\n<p>Luego de varios d\u00edas de afectaciones para los usuarios del transporte p\u00fablico urbano en Veracruz y Boca del R\u00edo, el servicio se regulariz\u00f3 tras la reactivaci\u00f3n de unidades que hab\u00edan dejado de circular.<\/p>\n\n\n\n<p>Alfonso Enr\u00edquez Boussart, empresario transportista, explic\u00f3 que la disminuci\u00f3n de camiones en las calles se debi\u00f3 al temor de los concesionarios ante supuestos operativos, ya que muchas de las unidades en circulaci\u00f3n rebasan la antig\u00fcedad permitida por la normatividad vigente. <\/p>\n\n\n\n<p>Al no haber certeza sobre los operativos, algunos optaron por resguardar sus unidades, lo que afect\u00f3 directamente a los usuarios.<\/p>\n\n\n\n<p>\u201cHab\u00eda un rumor de operativos del transporte p\u00fablico y ante el temor, porque hay mucha irregularidad, muchos decidieron no salir a trabajar. Todo fue un rumor y se fue normalizando.  La ruta Norte -Sur ten\u00eda cerca de 180 autobuses, actualmente son 70 y cuando estaban escondidos trabaj\u00f3 con 40\u201d.<\/p>\n\n\n\n<p>El empresario se\u00f1al\u00f3 que, aunque el servicio se restableci\u00f3, el problema de fondo sigue latente, ya que el transporte p\u00fablico requiere un programa de sustituci\u00f3n de unidades que permita mejorar la calidad del servicio. <\/p>\n\n\n\n<p>Adem\u00e1s, se necesita de una actualizaci\u00f3n en la tarifa del pasaje, pues esta no ha sido modificada en 11 a\u00f1os, lo que complica  la viabilidad econ\u00f3mica del sector.<\/p>\n\n\n\n<p>En Veracruz y Boca del R\u00edo circulaban 2 mil 500 unidades, actualmente se estima que son menos de 2 mil.<\/p>\n\n\n\n<p><\/p>\n","protected":false},"excerpt":{"rendered":"<p>Jes\u00fas Utrilla \/ NV Noticias Luego de varios d\u00edas de afectaciones para los usuarios del transporte p\u00fablico urbano en Veracruz y Boca del R\u00edo, el servicio se regulariz\u00f3 tras la reactivaci\u00f3n de unidades que hab\u00edan dejado de circular. Alfonso Enr\u00edquez Boussart, empresario transportista, explic\u00f3 que la disminuci\u00f3n de camiones en las calles se debi\u00f3 al [&hellip;]<\/p>\n","protected":false},"author":8,"featured_media":58525,"comment_status":"open","ping_status":"open","sticky":false,"template":"","format":"standard","meta":{"_monsterinsights_skip_tracking":false,"_monsterinsights_sitenote_active":false,"_monsterinsights_sitenote_note":"","_monsterinsights_sitenote_category":0,"footnotes":""},"categories":[154],"tags":[381],"class_list":["post-174099","post","type-post","status-publish","format-standard","has-post-thumbnail","hentry","category-veracruz","tag-transporte-publico","wp-image-borders"],"amp_enabled":true,"_links":{"self":[{"href":"https:\/\/nvnoticias.mx\/index.php\/wp-json\/wp\/v2\/posts\/174099","targetHints":{"allow":["GET"]}}],"collection":[{"href":"https:\/\/nvnoticias.mx\/index.php\/wp-json\/wp\/v2\/posts"}],"about":[{"href":"https:\/\/nvnoticias.mx\/index.php\/wp-json\/wp\/v2\/types\/post"}],"author":[{"embeddable":true,"href":"https:\/\/nvnoticias.mx\/index.php\/wp-json\/wp\/v2\/users\/8"}],"replies":[{"embeddable":true,"href":"https:\/\/nvnoticias.mx\/index.php\/wp-json\/wp\/v2\/comments?post=174099"}],"version-history":[{"count":1,"href":"https:\/\/nvnoticias.mx\/index.php\/wp-json\/wp\/v2\/posts\/174099\/revisions"}],"predecessor-version":[{"id":174100,"href":"https:\/\/nvnoticias.mx\/index.php\/wp-json\/wp\/v2\/posts\/174099\/revisions\/174100"}],"wp:featuredmedia":[{"embeddable":true,"href":"https:\/\/nvnoticias.mx\/index.php\/wp-json\/wp\/v2\/media\/58525"}],"wp:attachment":[{"href":"https:\/\/nvnoticias.mx\/index.php\/wp-json\/wp\/v2\/media?parent=174099"}],"wp:term":[{"taxonomy":"category","embeddable":true,"href":"https:\/\/nvnoticias.mx\/index.php\/wp-json\/wp\/v2\/categories?post=174099"},{"taxonomy":"post_tag","embeddable":true,"href":"https:\/\/nvnoticias.mx\/index.php\/wp-json\/wp\/v2\/tags?post=174099"}],"curies":[{"name":"wp","href":"https:\/\/api.w.org\/{rel}","templated":true}]}}