{"id":17404,"date":"2021-06-30T09:52:29","date_gmt":"2021-06-30T14:52:29","guid":{"rendered":"https:\/\/nvnoticias.mx\/?p=17404"},"modified":"2021-06-30T11:19:53","modified_gmt":"2021-06-30T16:19:53","slug":"familiares-ninos-cancer-protestan-por-falta-de-medicamentos","status":"publish","type":"post","link":"https:\/\/nvnoticias.mx\/index.php\/2021\/06\/30\/familiares-ninos-cancer-protestan-por-falta-de-medicamentos\/","title":{"rendered":"Familiares de ni\u00f1os con c\u00e1ncer protestan en el estado de Veracruz por falta de medicamentos"},"content":{"rendered":"\n<p><strong>Jes\u00fas Utrilla &#8211; Jes\u00fas Utrilla  \/ NV Noticias<\/strong><\/p>\n\n\n\n<p>Veracruz. \u2013 &nbsp;Madres de familia de ni\u00f1os y adolescentes con c\u00e1ncer marchan esta ma\u00f1ana por calles de la ciudad de Veracruz para exigir una vez m\u00e1s que se resuelva el desabasto de medicamentos.<\/p>\n\n\n\n<div class=\"wp-block-image\"><figure class=\"alignleft is-resized\"><img loading=\"lazy\" decoding=\"async\" src=\"https:\/\/nvnoticias.mx\/wp-content\/uploads\/2021\/06\/IMG_4338-1024x768.jpg\" alt=\"\" class=\"wp-image-17406\" width=\"284\" height=\"213\" srcset=\"https:\/\/nvnoticias.mx\/wp-content\/uploads\/2021\/06\/IMG_4338-1024x768.jpg 1024w, https:\/\/nvnoticias.mx\/wp-content\/uploads\/2021\/06\/IMG_4338-300x225.jpg 300w, https:\/\/nvnoticias.mx\/wp-content\/uploads\/2021\/06\/IMG_4338-768x576.jpg 768w, https:\/\/nvnoticias.mx\/wp-content\/uploads\/2021\/06\/IMG_4338-1536x1152.jpg 1536w, https:\/\/nvnoticias.mx\/wp-content\/uploads\/2021\/06\/IMG_4338.jpg 2016w\" sizes=\"auto, (max-width: 284px) 100vw, 284px\" \/><\/figure><\/div>\n\n\n\n<p>Cora de Jes\u00fas Rodr\u00edguez, se\u00f1al\u00f3 que el sector salud se comprometi\u00f3 a que el s\u00e1bado contar\u00edan con las recetas completas, pero no fue as\u00ed.<\/p>\n\n\n\n<p>Acusaron que llegan medicamentos al Centro Estatal de Cancerolog\u00eda Dr. Miguel Dorantes Mesa y al momento de efectuar la distribuci\u00f3n son insuficientes.<\/p>\n\n\n\n<blockquote class=\"wp-block-quote is-layout-flow wp-block-quote-is-layout-flow\"><p>\u201cLa autoridad no ha hecho nada, se ha burlado de nosotros y nos ha dicho mentirosos, pero la realidad es que nuestros hijos todos los d\u00edas luchan para estar vivos. Mandan tres o cuatro claves y la mayor\u00eda son para seguro e ISSSTE. Entonces \u00bfnuestros ni\u00f1os de Insabi van a morir? Nos mandan 300 cajas a CECAN pero all\u00e1 hay 200 pacientes de oncolog\u00eda pedi\u00e1trica y nosotros 80 eso no alcanza\u201d.<\/p><\/blockquote>\n\n\n\n<p>Las madres de los pacientes se reunieron en bajos del Palacio Municipal porte\u00f1o para marchar hacia 20 de noviembre, donde se concentrar\u00e1n para expresar su queja.&nbsp;<\/p>\n\n\n\n<p>En el Hospital Infantil de Veracruz son cerca de 80 ni\u00f1os en tratamiento y las madres de familia se dijeron preocupadas porque no pueden tener las quimioterapias completas por falta de medicamentos.<\/p>\n\n\n\n<h3 class=\"wp-block-heading\"><strong>En Xalapa<\/strong><\/h3>\n\n\n\n<p>Familia de menores con c\u00e1ncer se manifestaron afuera del Centro Estatal de Cancerolog\u00eda &#8220;Doctor Miguel Dorantes Mesa&#8221; para denunciar la falta de medicamentos oncol\u00f3gicos.<\/p>\n\n\n\n<blockquote class=\"wp-block-quote is-layout-flow wp-block-quote-is-layout-flow\"><p>Al grito de \u201cno somos golpistas, somos padres de ni\u00f1os con c\u00e1ncer\u201d, se deslindaron de las acusaciones del subsecretario de Prevenci\u00f3n y Promoci\u00f3n de la Salud, Hugo L\u00f3pez Gatell, que dijo que las manifestaciones son parte de una \u201cnarrativa golpista\u201d.&nbsp;<\/p><\/blockquote>\n\n\n\n<p>Los manifestantes reportaron que una vez m\u00e1s en el estado de Veracruz como en gran parte del pa\u00eds no hay tratamientos para las quimioterapias de sus hijos y que esto pone en riesgo sus vidas.<\/p>\n\n\n\n<p>La madre de familia Karla Arias dijo que son m\u00e1s de 100 ni\u00f1os y ni\u00f1as adem\u00e1s de adultos, los que tienen ese padecimiento en el estado de Veracruz y que est\u00e1n en espera de los f\u00e1rmacos.<\/p>\n\n\n\n<blockquote class=\"wp-block-quote is-layout-flow wp-block-quote-is-layout-flow\"><p>\u201cNo ha llegado nada al hospital, vamos a la farmacia y nos dicen que no hay nada, que vuelva otro d\u00eda, la pr\u00f3xima semana y as\u00ed nos traen\u201d.<\/p><\/blockquote>\n\n\n\n<p>Critic\u00f3 que cada vez que hay desabasto, los padres tienen que ver la forma de comprarlos, pero por el costo no siempre es posible.<\/p>\n\n\n\n<p>Provenientes de diversos municipios como Perote, Mart\u00ednez de la Torre, Minatitl\u00e1n, Poza Rica, exigieron a las autoridades el abasto de los medicamentos para sus quimioterapias.<\/p>\n\n\n\n<p>Entre los medicamentos que m\u00e1s faltan est\u00e1n vincristina, metotrexato, mercaptopurina, cardioxane y \u00e1cido folinico.<\/p>\n\n\n\n<p>&#8220;Tu gobierno nos est\u00e1 matando, no hay quimios&#8221;, &#8220;Se\u00f1or presidente nuestros hijos quieren vivir&#8221;, &#8220;Sr. gobernador nuestros hijos mueren&#8221;, son algunos de los mensajes en pancartas que portan.<\/p>\n","protected":false},"excerpt":{"rendered":"<p>Jes\u00fas Utrilla &#8211; Jes\u00fas Utrilla \/ NV Noticias Veracruz. \u2013 &nbsp;Madres de familia de ni\u00f1os y adolescentes con c\u00e1ncer marchan esta ma\u00f1ana por calles de la ciudad de Veracruz para exigir una vez m\u00e1s que se resuelva el desabasto de medicamentos. Cora de Jes\u00fas Rodr\u00edguez, se\u00f1al\u00f3 que el sector salud se comprometi\u00f3 a que el [&hellip;]<\/p>\n","protected":false},"author":6,"featured_media":17427,"comment_status":"open","ping_status":"open","sticky":false,"template":"","format":"standard","meta":{"_monsterinsights_skip_tracking":false,"_monsterinsights_sitenote_active":false,"_monsterinsights_sitenote_note":"","_monsterinsights_sitenote_category":0,"footnotes":""},"categories":[154],"tags":[3971,4712,162,3492],"class_list":["post-17404","post","type-post","status-publish","format-standard","has-post-thumbnail","hentry","category-veracruz","tag-medicamentos","tag-ninos-con-cancer","tag-portada","tag-protesta","wp-image-borders"],"amp_enabled":true,"_links":{"self":[{"href":"https:\/\/nvnoticias.mx\/index.php\/wp-json\/wp\/v2\/posts\/17404","targetHints":{"allow":["GET"]}}],"collection":[{"href":"https:\/\/nvnoticias.mx\/index.php\/wp-json\/wp\/v2\/posts"}],"about":[{"href":"https:\/\/nvnoticias.mx\/index.php\/wp-json\/wp\/v2\/types\/post"}],"author":[{"embeddable":true,"href":"https:\/\/nvnoticias.mx\/index.php\/wp-json\/wp\/v2\/users\/6"}],"replies":[{"embeddable":true,"href":"https:\/\/nvnoticias.mx\/index.php\/wp-json\/wp\/v2\/comments?post=17404"}],"version-history":[{"count":5,"href":"https:\/\/nvnoticias.mx\/index.php\/wp-json\/wp\/v2\/posts\/17404\/revisions"}],"predecessor-version":[{"id":17428,"href":"https:\/\/nvnoticias.mx\/index.php\/wp-json\/wp\/v2\/posts\/17404\/revisions\/17428"}],"wp:featuredmedia":[{"embeddable":true,"href":"https:\/\/nvnoticias.mx\/index.php\/wp-json\/wp\/v2\/media\/17427"}],"wp:attachment":[{"href":"https:\/\/nvnoticias.mx\/index.php\/wp-json\/wp\/v2\/media?parent=17404"}],"wp:term":[{"taxonomy":"category","embeddable":true,"href":"https:\/\/nvnoticias.mx\/index.php\/wp-json\/wp\/v2\/categories?post=17404"},{"taxonomy":"post_tag","embeddable":true,"href":"https:\/\/nvnoticias.mx\/index.php\/wp-json\/wp\/v2\/tags?post=17404"}],"curies":[{"name":"wp","href":"https:\/\/api.w.org\/{rel}","templated":true}]}}