{"id":174024,"date":"2025-02-21T13:38:07","date_gmt":"2025-02-21T19:38:07","guid":{"rendered":"https:\/\/nvnoticias.mx\/?p=174024"},"modified":"2025-02-21T13:38:10","modified_gmt":"2025-02-21T19:38:10","slug":"conductores-de-hoy-reaccionan-a-la-muerte-de-daniel-bisogno","status":"publish","type":"post","link":"https:\/\/nvnoticias.mx\/index.php\/2025\/02\/21\/conductores-de-hoy-reaccionan-a-la-muerte-de-daniel-bisogno\/","title":{"rendered":"Conductores de Hoy reaccionan a la muerte de Daniel Bisogno"},"content":{"rendered":"\n<p><strong>\u201cCon inmensa tristeza les informo que Daniel Bisogno falleci\u00f3\u201d<\/strong>, inform\u00f3\u00a0<strong>Pati Chapoy\u00a0<\/strong>la noche del 20 de febrero de 2025 a trav\u00e9s de sus redes sociales. El famoso conductor de\u00a0<em><strong>Ventaneando<\/strong><\/em>muri\u00f3 a los 51 a\u00f1os tras enfrentar fuertes\u00a0complicaciones en su estado de salud\u00a0en los \u00faltimos cinco meses.\u00a0<br><\/p>\n\n\n\n<p>La noticia fue retomada por los principales programas de televisi\u00f3n y<em><strong>\u00a0Hoy\u00a0<\/strong><\/em>no fue la excepci\u00f3n a pesar de que formaba parte de\u00a0<strong>la competencia<\/strong>.<\/p>\n\n\n\n<blockquote class=\"wp-block-quote is-layout-flow wp-block-quote-is-layout-flow\">\n<p>\u201cEsto es muy importante porque, a nombre de la familia de\u00a0<em>Hoy<\/em>, lamentamos profundamente el fallecimiento de nuestro querido amigo, Daniel Bisogno. Varios de nosotros<strong>\u00a0tuvimos el privilegio de trabajar con \u00e9l<\/strong>\u00a0en diferentes obras, muchas giras de teatro. Mandamos nuestras condolencias para su familia, sus hijita,\u00a0Michaela, que estuve con ella el s\u00e1bado, la mam\u00e1 de su hijita, pues les mandamos un fuerte abrazo y resignaci\u00f3n\u201d, comenz\u00f3\u00a0<strong>Ra\u00fal Araiza<\/strong>.<\/p>\n<\/blockquote>\n\n\n\n<p><strong>Tania Rinc\u00f3n<\/strong>\u00a0resalt\u00f3 el esfuerzo que hizo\u00a0Alejandro Bisogno, hermano menor del\u00a0<em>Mu\u00f1eco<\/em>, durante los meses que el conductor estuvo delicado de salud: \u201c<strong>Estuvo al pie del ca\u00f1\u00f3n<\/strong>\u00a0y de alguna manera siendo vocero en una situaci\u00f3n muy complicada\u201d.<\/p>\n\n\n\n<p><strong>Andrea Escalona<\/strong>&nbsp;tom\u00f3 la palabra para despedirse de quien habr\u00eda sido su primer gran amor y con l\u00e1grimas en los ojos se despidi\u00f3 de \u00e9l:<\/p>\n\n\n\n<blockquote class=\"wp-block-quote is-layout-flow wp-block-quote-is-layout-flow\">\n<p>\u201cTuve una relaci\u00f3n significativa con \u00e9l durante dos a\u00f1os, luego nos convertimos en grandes amigos, hicimos tambi\u00e9n varias puestas en escena. Siempre te vamos a querer, Dani. Mi m\u00e1s sentido p\u00e9same a Concho, tu pap\u00e1 que tiene 80 a\u00f1os, a tus hermanos, a Michaela, a Cristina y a todos tus fans\u201d, declar\u00f3.<\/p>\n<\/blockquote>\n\n\n\n<p><strong>Arath de la Torre<\/strong>&nbsp;tambi\u00e9n record\u00f3 el tiempo que trabaj\u00f3 con Daniel Bisogno en el Tenorio C\u00f3mico:&nbsp;<\/p>\n\n\n\n<blockquote class=\"wp-block-quote is-layout-flow wp-block-quote-is-layout-flow\">\n<p>\u201cA toda su familia le env\u00edo mis condolencias. Tuve el honor de trabajar con \u00e9l en el Tenorio hace muchas temporadas y&nbsp;<strong>siempre fue una persona muy generosa<\/strong>. Hablaba muy bien de ustedes, las Andreas (Escalona y Rodr\u00edguez), de Magda, dec\u00eda que eran mujeres muy chambeadoras, siempre tuvo ese gesto\u201d, coment\u00f3.&nbsp;<\/p>\n<\/blockquote>\n\n\n\n<p><strong>Mariana Ochoa<\/strong>, quien asisti\u00f3 como invitada especial al matutino de&nbsp;<em>Televisa<\/em>&nbsp;tras la ausencia de Galilea Montijo y Andrea Legarreta, lament\u00f3 la muerte del conductor que, al igual que Andrea Escalona, fue su pareja amorosa.<\/p>\n\n\n\n<blockquote class=\"wp-block-quote is-layout-flow wp-block-quote-is-layout-flow\">\n<p>\u201cNo me imagine tener que dar el p\u00e9same a su familia; gran amigo, gran compa\u00f1ero, siempre un caballero, un gran trabajador. Yo le mando un abrazo muy fuerte a su pap\u00e1, primero se fue la esposa (Araceli Bisogno), ahora su hijo, debe ser muy doloroso\u201d, mencion\u00f3.<\/p>\n<\/blockquote>\n\n\n\n<p>Fuente: <a href=\"https:\/\/www.infobae.com\/mexico\/2025\/02\/21\/televisa-conductores-de-hoy-reaccionan-a-la-muerte-de-daniel-bisogno-andrea-escalona-rompe-en-llanto\/\">Infobae<\/a><\/p>\n\n\n\n<p><\/p>\n\n\n\n<p><\/p>\n\n\n\n<p><\/p>\n\n\n\n<p><\/p>\n\n\n\n<p><a href=\"https:\/\/www.infobae.com\/mexico\/2025\/02\/21\/charly-moreno-pareja-de-daniel-bisogno-reacciona-a-la-muerte-del-conductor-mi-corazon-necesita-aceptarlo\/\" target=\"_blank\" rel=\"noreferrer noopener\"><\/a><\/p>\n","protected":false},"excerpt":{"rendered":"<p>\u201cCon inmensa tristeza les informo que Daniel Bisogno falleci\u00f3\u201d, inform\u00f3\u00a0Pati Chapoy\u00a0la noche del 20 de febrero de 2025 a trav\u00e9s de sus redes sociales. El famoso conductor de\u00a0Ventaneandomuri\u00f3 a los 51 a\u00f1os tras enfrentar fuertes\u00a0complicaciones en su estado de salud\u00a0en los \u00faltimos cinco meses.\u00a0 La noticia fue retomada por los principales programas de televisi\u00f3n y\u00a0Hoy\u00a0no [&hellip;]<\/p>\n","protected":false},"author":35,"featured_media":174033,"comment_status":"open","ping_status":"open","sticky":false,"template":"","format":"standard","meta":{"_monsterinsights_skip_tracking":false,"_monsterinsights_sitenote_active":false,"_monsterinsights_sitenote_note":"","_monsterinsights_sitenote_category":0,"footnotes":""},"categories":[576],"tags":[2221,25482,14187],"class_list":["post-174024","post","type-post","status-publish","format-standard","has-post-thumbnail","hentry","category-ocio","tag-conductores","tag-daniel-bisogno","tag-hoy","wp-image-borders"],"amp_enabled":true,"_links":{"self":[{"href":"https:\/\/nvnoticias.mx\/index.php\/wp-json\/wp\/v2\/posts\/174024","targetHints":{"allow":["GET"]}}],"collection":[{"href":"https:\/\/nvnoticias.mx\/index.php\/wp-json\/wp\/v2\/posts"}],"about":[{"href":"https:\/\/nvnoticias.mx\/index.php\/wp-json\/wp\/v2\/types\/post"}],"author":[{"embeddable":true,"href":"https:\/\/nvnoticias.mx\/index.php\/wp-json\/wp\/v2\/users\/35"}],"replies":[{"embeddable":true,"href":"https:\/\/nvnoticias.mx\/index.php\/wp-json\/wp\/v2\/comments?post=174024"}],"version-history":[{"count":10,"href":"https:\/\/nvnoticias.mx\/index.php\/wp-json\/wp\/v2\/posts\/174024\/revisions"}],"predecessor-version":[{"id":174035,"href":"https:\/\/nvnoticias.mx\/index.php\/wp-json\/wp\/v2\/posts\/174024\/revisions\/174035"}],"wp:featuredmedia":[{"embeddable":true,"href":"https:\/\/nvnoticias.mx\/index.php\/wp-json\/wp\/v2\/media\/174033"}],"wp:attachment":[{"href":"https:\/\/nvnoticias.mx\/index.php\/wp-json\/wp\/v2\/media?parent=174024"}],"wp:term":[{"taxonomy":"category","embeddable":true,"href":"https:\/\/nvnoticias.mx\/index.php\/wp-json\/wp\/v2\/categories?post=174024"},{"taxonomy":"post_tag","embeddable":true,"href":"https:\/\/nvnoticias.mx\/index.php\/wp-json\/wp\/v2\/tags?post=174024"}],"curies":[{"name":"wp","href":"https:\/\/api.w.org\/{rel}","templated":true}]}}