{"id":17400,"date":"2021-06-30T09:19:22","date_gmt":"2021-06-30T14:19:22","guid":{"rendered":"https:\/\/nvnoticias.mx\/?p=17400"},"modified":"2021-06-30T09:19:23","modified_gmt":"2021-06-30T14:19:23","slug":"quien-es-el-que-anda-aqui","status":"publish","type":"post","link":"https:\/\/nvnoticias.mx\/index.php\/2021\/06\/30\/quien-es-el-que-anda-aqui\/","title":{"rendered":"\u00bfQui\u00e9n es el que anda aqu\u00ed?"},"content":{"rendered":"\n<h2 class=\"has-text-align-center wp-block-heading\"><strong>El parque que se detuvo en el tiempo<\/strong><\/h2>\n\n\n\n<p class=\"has-text-align-right\"><strong>Por: Miguel Salvador Rodr\u00edguez Azueta<\/strong><\/p>\n\n\n\n<p>En el a\u00f1o 2014 escrib\u00ed este articulo y algunas cosas han cambiado, ten\u00eda 32 a\u00f1os que no traspasaba la puerta del parque recreativo. Mi experiencia fue como viajar en el tiempo, al pasar el port\u00f3n me top\u00e9 con un sonriente \u201cGrillito Cantor\u201d, que hace las veces de recepcionista y mudo guardi\u00e1n de los ya casi 41 a\u00f1os del parque.<\/p>\n\n\n\n<p>Es una sensaci\u00f3n extra\u00f1a, voy solo, ya no tengo ni\u00f1os peque\u00f1os, y me invade un sentimiento de culpa, por no haber tra\u00eddo a mis hijas nunca. Observo a las familias veracruzanas, a los ni\u00f1os correr de un lado al otro, casi me pierdo, no recordaba que hay que pasar el puente; en el fondo del estanque me observa la Patita, aquella con rebozo y con canasta de bolita.&nbsp; Parece que el tiempo se hubiera detenido, como los a\u00f1os 70\u00b4s del siglo pasado se hubieran quedado en este parque igual que los juegos mec\u00e1nicos de mi ni\u00f1ez, a excepci\u00f3n de los carros que se impulsan a base de bater\u00eda.<\/p>\n\n\n\n<p>Me acerco a las resbaladillas, son las mismas, s\u00f3lo que la dimensi\u00f3n ha cambiado, en otro tiempo eran enormes para m\u00ed, ahora me parecen chiquitas, conservan el mismo mosaico, color verde, como el de las albercas. Me detengo, pienso que no traigo pantal\u00f3n corto, eso limitaba e impulso, traigo puesto unos jeans viejos, \u00a1Que caray, me lanz\u00f3! Como chiquillo, como antes, \u00a1Qu\u00e9 emoci\u00f3n! Una se\u00f1ora se me queda mirando feo, \u00a1Bueno que caray, no entender\u00eda, mi locura a la veracruzana!<\/p>\n\n\n\n<p>Las familias y una que otra pareja de enamorados, con o sin ni\u00f1os, disfrutan de este parque, en el fondo casi por el lado de la avenida Miguel Alem\u00e1n, hay un espacio para reuniones sociales, con mesas y bancos de madera, voy a la administraci\u00f3n, pregunt\u00f3 por Ram\u00f3n Lara Gonz\u00e1lez, espero un poco &#8211; Est\u00e1 en el ba\u00f1o me dice la asistente.<\/p>\n\n\n\n<p>Ram\u00f3n se sorprende de mis visita, hab\u00edamos quedado que llegar\u00eda, pero no cuando, le da gusto, es amigo del c\u00edrculo de la Palma, del club de Toby de Pepe Mart\u00ednez, en fin, platicamos, me cuenta que tiene 7 a\u00f1os administrando el parque Cri Cri, que se mantiene gracias al apoyo de la Presidenta del DIF, depende del Gobierno del Estado y pues, en la opini\u00f3n de Ram\u00f3n, el parque necesita m\u00e1s juegos, juegos para ni\u00f1os y adultos, porque los ni\u00f1os quieren disfrutar junto a sus padres de los juegos, algo obvio.<\/p>\n\n\n\n<p>Con m\u00e1s de mil visitas los fines de semana, el Parque Cri Cri se mantiene de la buena voluntad de los gobernantes en turno, se nota el esfuerzo que se hace el administrador, est\u00e1 limpio, pero el tiempo no perdona y los juegos ya son &#8211; y sin broma &#8211; del siglo pasado, est\u00e1n como para museo.<\/p>\n\n\n\n<p>Pero ese es el encanto del parque, es un pedazo del Veracruz del ayer, donde las familias de escasos recursos encuentran un lugar para pasar el rato, convivir en uni\u00f3n familiar, un lugar fuera del alcance de las ambiciones o sue\u00f1os de modernidad que acaban con nuestra identidad, \u00a1Gracias al Cielo!, los ni\u00f1os ricos nunca vinieron a este parque, porque de otra manera hoy fuera un centro comercial.<\/p>\n\n\n\n<p>Hoy, 2021, el parque se mantiene igual, pero lo que ha cambiado es que el buen Ram\u00f3n Lara junto con Pepe Mart\u00ednez se nos adelantaron apenas el a\u00f1o pasado.<\/p>\n\n\n\n<p>Quiero aclarar que Ram\u00f3n Lara Gonz\u00e1lez fue alcalde del municipio de Tlalixcoyan de1982 a 1985<\/p>\n\n\n\n<p>@miguel_salvador<\/p>\n","protected":false},"excerpt":{"rendered":"<p>El parque que se detuvo en el tiempo Por: Miguel Salvador Rodr\u00edguez Azueta En el a\u00f1o 2014 escrib\u00ed este articulo y algunas cosas han cambiado, ten\u00eda 32 a\u00f1os que no traspasaba la puerta del parque recreativo. Mi experiencia fue como viajar en el tiempo, al pasar el port\u00f3n me top\u00e9 con un sonriente \u201cGrillito Cantor\u201d, [&hellip;]<\/p>\n","protected":false},"author":30,"featured_media":17401,"comment_status":"open","ping_status":"open","sticky":false,"template":"","format":"standard","meta":{"_monsterinsights_skip_tracking":false,"_monsterinsights_sitenote_active":false,"_monsterinsights_sitenote_note":"","_monsterinsights_sitenote_category":0,"footnotes":""},"categories":[332],"tags":[525],"class_list":["post-17400","post","type-post","status-publish","format-standard","has-post-thumbnail","hentry","category-veracruz-en-la-cultura","tag-dr-miguel-salvador-rodriguez-azueta","wp-image-borders"],"amp_enabled":true,"_links":{"self":[{"href":"https:\/\/nvnoticias.mx\/index.php\/wp-json\/wp\/v2\/posts\/17400","targetHints":{"allow":["GET"]}}],"collection":[{"href":"https:\/\/nvnoticias.mx\/index.php\/wp-json\/wp\/v2\/posts"}],"about":[{"href":"https:\/\/nvnoticias.mx\/index.php\/wp-json\/wp\/v2\/types\/post"}],"author":[{"embeddable":true,"href":"https:\/\/nvnoticias.mx\/index.php\/wp-json\/wp\/v2\/users\/30"}],"replies":[{"embeddable":true,"href":"https:\/\/nvnoticias.mx\/index.php\/wp-json\/wp\/v2\/comments?post=17400"}],"version-history":[{"count":1,"href":"https:\/\/nvnoticias.mx\/index.php\/wp-json\/wp\/v2\/posts\/17400\/revisions"}],"predecessor-version":[{"id":17402,"href":"https:\/\/nvnoticias.mx\/index.php\/wp-json\/wp\/v2\/posts\/17400\/revisions\/17402"}],"wp:featuredmedia":[{"embeddable":true,"href":"https:\/\/nvnoticias.mx\/index.php\/wp-json\/wp\/v2\/media\/17401"}],"wp:attachment":[{"href":"https:\/\/nvnoticias.mx\/index.php\/wp-json\/wp\/v2\/media?parent=17400"}],"wp:term":[{"taxonomy":"category","embeddable":true,"href":"https:\/\/nvnoticias.mx\/index.php\/wp-json\/wp\/v2\/categories?post=17400"},{"taxonomy":"post_tag","embeddable":true,"href":"https:\/\/nvnoticias.mx\/index.php\/wp-json\/wp\/v2\/tags?post=17400"}],"curies":[{"name":"wp","href":"https:\/\/api.w.org\/{rel}","templated":true}]}}