{"id":173920,"date":"2025-02-20T14:02:22","date_gmt":"2025-02-20T20:02:22","guid":{"rendered":"https:\/\/nvnoticias.mx\/?p=173920"},"modified":"2025-02-20T14:02:24","modified_gmt":"2025-02-20T20:02:24","slug":"anuncia-selena-gomez-fecha-de-estreno-de-colaboracion-con-gracie-abrams","status":"publish","type":"post","link":"https:\/\/nvnoticias.mx\/index.php\/2025\/02\/20\/anuncia-selena-gomez-fecha-de-estreno-de-colaboracion-con-gracie-abrams\/","title":{"rendered":"Anuncia Selena Gomez fecha de estreno de colaboraci\u00f3n con Gracie Abrams"},"content":{"rendered":"\n<p>Selena Gomez ha sorprendido a sus seguidores al anunciar una colaboraci\u00f3n musical con la cantante Gracie Abrams. El tema, titulado \u201cCall Me When You Break Up\u201d, se lanzar\u00e1 hoy, 20 de febrero de 2025, a las 4 p.m. PST. \ufffc<\/p>\n\n\n\n<p>Este sencillo formar\u00e1 parte del pr\u00f3ximo \u00e1lbum de Gomez, \u201cI Said I Love You First\u201d, una producci\u00f3n conjunta con su prometido, Benny Blanco, que estar\u00e1 disponible el 21 de marzo. \ufffc El \u00e1lbum narrar\u00e1 la historia de amor de la pareja, desde sus inicios hasta sus planes futuros. \ufffc<\/p>\n\n\n\n<p>Los rumores sobre esta colaboraci\u00f3n comenzaron cuando Blanco comparti\u00f3 un video en Instagram donde sorprend\u00eda a Gomez y Abrams juntas en una habitaci\u00f3n, generando especulaciones entre los fans. \ufffc Posteriormente, Gomez public\u00f3 un adelanto de la canci\u00f3n en sus redes sociales, aumentando la expectativa. \ufffc<\/p>\n\n\n\n<p>La colaboraci\u00f3n entre Selena Gomez y Gracie Abrams promete ser uno de los lanzamientos m\u00e1s destacados del a\u00f1o, combinando el talento y la emotividad de ambas artistas en una canci\u00f3n que seguramente resonar\u00e1 entre sus seguidores.<\/p>\n","protected":false},"excerpt":{"rendered":"<p>Selena Gomez ha sorprendido a sus seguidores al anunciar una colaboraci\u00f3n musical con la cantante Gracie Abrams. El tema, titulado \u201cCall Me When You Break Up\u201d, se lanzar\u00e1 hoy, 20 de febrero de 2025, a las 4 p.m. PST. \ufffc Este sencillo formar\u00e1 parte del pr\u00f3ximo \u00e1lbum de Gomez, \u201cI Said I Love You First\u201d, [&hellip;]<\/p>\n","protected":false},"author":35,"featured_media":173645,"comment_status":"open","ping_status":"open","sticky":false,"template":"","format":"standard","meta":{"_monsterinsights_skip_tracking":false,"_monsterinsights_sitenote_active":false,"_monsterinsights_sitenote_note":"","_monsterinsights_sitenote_category":0,"footnotes":""},"categories":[576],"tags":[31327,126],"class_list":["post-173920","post","type-post","status-publish","format-standard","has-post-thumbnail","hentry","category-ocio","tag-gracie-abrams","tag-selena-gomez","wp-image-borders"],"amp_enabled":true,"_links":{"self":[{"href":"https:\/\/nvnoticias.mx\/index.php\/wp-json\/wp\/v2\/posts\/173920","targetHints":{"allow":["GET"]}}],"collection":[{"href":"https:\/\/nvnoticias.mx\/index.php\/wp-json\/wp\/v2\/posts"}],"about":[{"href":"https:\/\/nvnoticias.mx\/index.php\/wp-json\/wp\/v2\/types\/post"}],"author":[{"embeddable":true,"href":"https:\/\/nvnoticias.mx\/index.php\/wp-json\/wp\/v2\/users\/35"}],"replies":[{"embeddable":true,"href":"https:\/\/nvnoticias.mx\/index.php\/wp-json\/wp\/v2\/comments?post=173920"}],"version-history":[{"count":3,"href":"https:\/\/nvnoticias.mx\/index.php\/wp-json\/wp\/v2\/posts\/173920\/revisions"}],"predecessor-version":[{"id":173923,"href":"https:\/\/nvnoticias.mx\/index.php\/wp-json\/wp\/v2\/posts\/173920\/revisions\/173923"}],"wp:featuredmedia":[{"embeddable":true,"href":"https:\/\/nvnoticias.mx\/index.php\/wp-json\/wp\/v2\/media\/173645"}],"wp:attachment":[{"href":"https:\/\/nvnoticias.mx\/index.php\/wp-json\/wp\/v2\/media?parent=173920"}],"wp:term":[{"taxonomy":"category","embeddable":true,"href":"https:\/\/nvnoticias.mx\/index.php\/wp-json\/wp\/v2\/categories?post=173920"},{"taxonomy":"post_tag","embeddable":true,"href":"https:\/\/nvnoticias.mx\/index.php\/wp-json\/wp\/v2\/tags?post=173920"}],"curies":[{"name":"wp","href":"https:\/\/api.w.org\/{rel}","templated":true}]}}