{"id":173815,"date":"2025-02-20T07:44:50","date_gmt":"2025-02-20T13:44:50","guid":{"rendered":"https:\/\/nvnoticias.mx\/?p=173815"},"modified":"2025-02-20T07:44:52","modified_gmt":"2025-02-20T13:44:52","slug":"morena-y-su-fractura","status":"publish","type":"post","link":"https:\/\/nvnoticias.mx\/index.php\/2025\/02\/20\/morena-y-su-fractura\/","title":{"rendered":"Morena y su &#8220;fractura&#8221;"},"content":{"rendered":"\n<p><\/p>\n\n\n\n<figure class=\"wp-block-pullquote\"><blockquote><p><strong>Ricardo Chua<\/strong><\/p><\/blockquote><\/figure>\n\n\n\n<p>Despu\u00e9s de toda la &#8220;novela&#8221; pol\u00edtica que se ha armado al interior de MORENA en su comit\u00e9 nacional y estatal en Veracruz, Senado, c\u00e1mara de diputados federales, gobierno y Congreso del Estado.. Por el tema de la afiliaci\u00f3n del senador, Miguel \u00c1ngel Yunes M\u00e1rquez al organismo pol\u00edtico.. Si hay alguien al que tendr\u00edan que RECLAMAR por INCLUIR a Los Yunes a la 4T en M\u00e9xico.. Es al ex Presidente, Andr\u00e9s Manuel L\u00f3pez Obrador.. \u00c9l fue qui\u00e9n lo sumo y le dio espacio en este movimiento.. \u00bfQUI\u00c9N SE VA A ATREVER A RECLAMARLE?.. Qu\u00e9 gobernador, qu\u00e9 diputado o senador lo har\u00e1..<\/p>\n\n\n\n<p>Este asunto que lleva 8 d\u00edas en el escenario pol\u00edtico de MORENA, Senado y gobierno de Roc\u00edo Nahle en Veracruz.. Se puede resolver de manera muy sencilla para acabar la &#8220;crisis&#8221; que se vive por el caso Yunes.. &#8220;Zapatero a tus zapatos&#8221;.. La franquicia de MORENA es de Andr\u00e9s Manuel L\u00f3pez Obrador y seg\u00fan su &#8220;testamento&#8221; pol\u00edtico, se &#8220;hered\u00f3&#8221; a su hijo: Andr\u00e9s Manuel L\u00f3pez Beltr\u00e1n, entonces, el partido es suyo y el gobierno de Veracruz es de Roc\u00edo Nahle.. &#8220;Andy&#8221; no tendr\u00eda que venir a decirle a Nahle como gobernar.. Y ella no tendr\u00eda que decirle a qui\u00e9n afiliar.. Y as\u00ed PUNTO FINAL..<\/p>\n\n\n\n<p>Pero repetimos qui\u00e9n invita a Los Yunes a la 4T all\u00e1 por septiembre del 2024 fue L\u00f3pez Obrador siendo Presidente de M\u00e9xico.. Y una acci\u00f3n que fue AVALADA por la entonces Presidenta Electa, Claudia Sheinbaum.. Qui\u00e9n dijo &#8220;Que a los Yunes la historia los reconocer\u00e1 por su amor a la patria&#8221;.. Eso fue despu\u00e9s de que Miguel \u00c1ngel junior votar\u00e1 a favor de la Reforma al Poder Judicial en el Senado.. Por eso, la pregunta es muy sencilla: \u00bfQui\u00e9n le va a reclamar a AMLO por haber llevado a los Yunes a la 4T?\u2026 Ad\u00e1n Augusto L\u00f3pez Hern\u00e1ndez s\u00f3lo fue el &#8220;mensajero&#8221; y el v\u00ednculo.. Pero la decisi\u00f3n final fue en Palacio Nacional..<\/p>\n\n\n\n<p>Por ello, el mensaje que mandan desde la CDMX es muy claro.. Pero en Veracruz, se ve que no lo quieren entender.. Ese famoso &#8220;localismo empobrecedor&#8221; que tanto hablaban los pol\u00edticos priistas de anta\u00f1o de los pol\u00edticos locales cuando no entend\u00edan que las decisiones de un Estado, se tomaban en la Metr\u00f3poli.. Y desde all\u00e1 ya la tomaron.. Con o sin credencial de militante de MORENA, Miguel \u00c1ngel Yunes M\u00e1rquez, ya es parte de la 4T.. La credencial es una mera formalidad.. L\u00f3pez Obrador negoci\u00f3 con ellos y los Yunes ya est\u00e1n dentro de MORENA aunque en Veracruz quieran decir lo contrario..<\/p>\n\n\n\n<p>S\u00f3lo hay que recordar.. El sistema pol\u00edtico mexicano desde los tiempos de los Aztecas, pasando por la conquista espa\u00f1ola, la colonia, el M\u00e9xico independiente, el de Maximiliano, el de la Reforma de Ju\u00e1rez, El Porfiriato, la Revoluci\u00f3n, el &#8220;Maximato&#8221;.. El priismo de los 70 a\u00f1os, el panismo de 12 a\u00f1os, el regreso del PRI y ahora el de la 4T.. Siempre ha tomado las decisiones que afectan al pa\u00eds o un estado.. Desde Tenochtitlan, no en Cempoala.. Aqu\u00ed es lo mismo.. Esta decisi\u00f3n la toman en CDMX, no en Xalapa.. As\u00ed que no hay que buscarle mucho.. Qui\u00e9n va a ganar finalmente esta &#8220;batalla&#8221;..<\/p>\n\n\n\n<p>Motivo por el cual, los actores pol\u00edticos locales de MORENA en Veracruz deben &#8220;serenarse&#8221;.. Ir en contra de las decisiones que se toman por acuerdos nacionales, es ir en contra de la Presidenta, Claudia Sheinbaum.. Y luego esas afrentas se cobran muy caras pol\u00edticamente.. Hace menos de un a\u00f1o, un personaje llamado Eric Cisneros Burgos, en el \u00faltimo tramo del gobierno de Cuitl\u00e1huac Garc\u00eda, NO ENTENDI\u00d3 las se\u00f1ales de CDMX de que la &#8220;buena&#8221; era Roc\u00edo.. Y se &#8220;aceler\u00f3&#8221;.. Ahora est\u00e1 &#8220;exiliado&#8221;.. Pero a \u00e9l le pas\u00f3 al final y aqu\u00ed no llevan ni 100 d\u00edas y no las est\u00e1n entendiendo..<\/p>\n\n\n\n<p>Al buen entendedor pocas palabras.. En Morena Veracruz se deben poner a reflexionar.. \u00bfQui\u00e9n es el encargado nacional del proceso de afiliaci\u00f3n de militantes de MORENA?.. Acaso no se llama Andr\u00e9s Manuel L\u00f3pez Beltr\u00e1n, secretario de Organizaci\u00f3n del comit\u00e9 nacional de ese partido.. \u00bfQui\u00e9n fue al Senado el martes a llevar las credenciales a los senadores?.. Acaso no fue \u00e9l.. Si \u00e9l afili\u00f3 a Yunes M\u00e1rquez fue porque quiso.. Obvio consensuado con la Presidenta, Claudia Sheinbaum.. Si no contaba con esa aprobaci\u00f3n.. Yunes, ni Alejandro Murat hubieran sido afiliados..<\/p>\n\n\n\n<p>As\u00ed que los pol\u00edticos &#8220;jarochos&#8221; de MORENA deben ponerse muy abusados.. &#8220;Estirar as\u00ed la liga&#8221; atacando una decisi\u00f3n de los L\u00f3pez, no es algo que puedan hacer a la ligera.. Ellos tendr\u00e1n el control de las candidaturas a cargos de elecci\u00f3n popular venideras del 2027, 2029 y 2030.. Y por este tipo de acciones, muchos podr\u00edan quedar &#8220;vetados&#8221;.. Vamos en una de esas &#8220;Andy&#8221; toma el control total de las candidaturas a las alcald\u00edas en Veracruz (porque las reglas de su partido se lo permiten) y deja afuera de la decisi\u00f3n a todos los dirigentes locales de MORENA incluido a Esteban Ram\u00edrez Zepeta..<\/p>\n\n\n\n<p>Al final, Claudia Sheinbaum dijo que el caso de Yunes M\u00e1rquez quedaba en manos del partido MORENA.. Que ah\u00ed se decidir\u00eda si afilian o no al ex panista.. Ella se &#8220;lavo las manos&#8221; como Poncio Pilatos.. Pero NO desaprob\u00f3 al veracruzano, ni al oaxaque\u00f1o.. Ella sabe que los necesita para los temas de sus reformas legislativas.. Y para acabar pronto.. En manos de qui\u00e9n est\u00e1 el partido y qui\u00e9n tiene el poder del comit\u00e9 nacional, la respuesta es: &#8220;Andy&#8221; L\u00f3pez Beltr\u00e1n.. As\u00ed que imaginemos cu\u00e1l ser\u00e1 la decisi\u00f3n final.. Pero eso ya no importa.. Con o sin credencial, los Yunes est\u00e1n dentro de la 4T..<\/p>\n\n\n\n<p>REFLEXI\u00d3N.. Tal pareciera que en Veracruz.. No han entendido que Miguel \u00c1ngel Yunes M\u00e1rquez es un CONVERSO.. Y la idea de &#8220;Andy&#8221; es acabar con la oposici\u00f3n pol\u00edtica.. Por lo tanto, necesita de esos conversos para dar esa se\u00f1al.. Ad\u00e1n Augusto, Ricardo Monreal, Manuel Huerta y Noro\u00f1a lo tienen claro.. Por eso &#8220;arropan&#8221; a Yunes.. Hasta los &#8220;voceros&#8221; de Claudia as\u00ed lo entienden como el &#8220;Callo de Hacha&#8221; y el Monero Hern\u00e1ndez.. Primero el proyecto y luego la persona.. Y la intenci\u00f3n de AMLO no es ACABAR con Los Yunes.. Les quit\u00f3 poder, pero no el dinero y luego los volvieron a encumbrar.. Qui\u00e9n no entienda las se\u00f1ales, pues, no entiende de pol\u00edtica a la mexicana en tiempos de la 4T.. AMEN,,<\/p>\n","protected":false},"excerpt":{"rendered":"<p>Ricardo Chua Despu\u00e9s de toda la &#8220;novela&#8221; pol\u00edtica que se ha armado al interior de MORENA en su comit\u00e9 nacional y estatal en Veracruz, Senado, c\u00e1mara de diputados federales, gobierno y Congreso del Estado.. Por el tema de la afiliaci\u00f3n del senador, Miguel \u00c1ngel Yunes M\u00e1rquez al organismo pol\u00edtico.. Si hay alguien al que tendr\u00edan [&hellip;]<\/p>\n","protected":false},"author":29,"featured_media":173816,"comment_status":"open","ping_status":"open","sticky":false,"template":"","format":"standard","meta":{"_monsterinsights_skip_tracking":false,"_monsterinsights_sitenote_active":false,"_monsterinsights_sitenote_note":"","_monsterinsights_sitenote_category":0,"footnotes":""},"categories":[245],"tags":[327],"class_list":["post-173815","post","type-post","status-publish","format-standard","has-post-thumbnail","hentry","category-dialogos-de-poder","tag-ricardo-chua","wp-image-borders"],"amp_enabled":true,"_links":{"self":[{"href":"https:\/\/nvnoticias.mx\/index.php\/wp-json\/wp\/v2\/posts\/173815","targetHints":{"allow":["GET"]}}],"collection":[{"href":"https:\/\/nvnoticias.mx\/index.php\/wp-json\/wp\/v2\/posts"}],"about":[{"href":"https:\/\/nvnoticias.mx\/index.php\/wp-json\/wp\/v2\/types\/post"}],"author":[{"embeddable":true,"href":"https:\/\/nvnoticias.mx\/index.php\/wp-json\/wp\/v2\/users\/29"}],"replies":[{"embeddable":true,"href":"https:\/\/nvnoticias.mx\/index.php\/wp-json\/wp\/v2\/comments?post=173815"}],"version-history":[{"count":1,"href":"https:\/\/nvnoticias.mx\/index.php\/wp-json\/wp\/v2\/posts\/173815\/revisions"}],"predecessor-version":[{"id":173817,"href":"https:\/\/nvnoticias.mx\/index.php\/wp-json\/wp\/v2\/posts\/173815\/revisions\/173817"}],"wp:featuredmedia":[{"embeddable":true,"href":"https:\/\/nvnoticias.mx\/index.php\/wp-json\/wp\/v2\/media\/173816"}],"wp:attachment":[{"href":"https:\/\/nvnoticias.mx\/index.php\/wp-json\/wp\/v2\/media?parent=173815"}],"wp:term":[{"taxonomy":"category","embeddable":true,"href":"https:\/\/nvnoticias.mx\/index.php\/wp-json\/wp\/v2\/categories?post=173815"},{"taxonomy":"post_tag","embeddable":true,"href":"https:\/\/nvnoticias.mx\/index.php\/wp-json\/wp\/v2\/tags?post=173815"}],"curies":[{"name":"wp","href":"https:\/\/api.w.org\/{rel}","templated":true}]}}