{"id":1738,"date":"2021-01-19T20:38:48","date_gmt":"2021-01-20T02:38:48","guid":{"rendered":"https:\/\/nvnoticias.mx\/?p=1738"},"modified":"2021-01-19T20:44:21","modified_gmt":"2021-01-20T02:44:21","slug":"gobernador-pide-al-congreso-autorizacion-para-contratar-credito-por-2-mmdp","status":"publish","type":"post","link":"https:\/\/nvnoticias.mx\/index.php\/2021\/01\/19\/gobernador-pide-al-congreso-autorizacion-para-contratar-credito-por-2-mmdp\/","title":{"rendered":"Gobernador pide al Congreso autorizaci\u00f3n para contratar cr\u00e9dito por 2 mmdp"},"content":{"rendered":"\n<p>La LXV Legislatura recibi\u00f3 del gobernador Cuitl\u00e1huac Garc\u00eda Jim\u00e9nez una Iniciativa de Decreto por el cual se autoriza al Estado de Veracruz de Ignacio de la Llave gestionar y contratar uno o varios financiamientos hasta por dos mil millones de pesos, con destino a inversi\u00f3n p\u00fablica productiva durante el ejercicio fiscal 2021 y subsiguientes.<\/p>\n\n\n\n<p>De acuerdo con la propuesta, presentada en la S\u00e9ptima Sesi\u00f3n Ordinaria del Primer Per\u00edodo de Sesiones Ordinarias del Tercer A\u00f1o de Ejercicio Constitucional, dicha gesti\u00f3n a ejecutar por el Poder Ejecutivo, a trav\u00e9s de la Secretar\u00eda de Finanzas y Planeaci\u00f3n (Sefiplan), se realizar\u00eda ante cualquier instituci\u00f3n de cr\u00e9dito o integrante del Sistema Financiero Mexicano que ofrezca las mejores condiciones de mercado.<\/p>\n\n\n\n<p>Destaca que el Estado deber\u00e1 destinar los recursos que obtengan con el o los financiamientos que contrate con base en dicho decreto para financiar inversi\u00f3n p\u00fablica productiva, en los rubros de fortalecimiento de la infraestructura hospitalaria y de salud, infraestructura educativa y deportiva, infraestructura en vialidades urbanas, interurbanas y metropolitanas, en obra p\u00fablica en materia inmobiliaria, de suelos, agropecuaria, medioambiental, hidr\u00e1ulica y de electrificaci\u00f3n y de equipamiento, infraestructura vehicular operativa y equipamiento para seguridad p\u00fablica y toda erogaci\u00f3n por la cual se genere, directa o indirectamente, un beneficio social.<\/p>\n\n\n\n<p>Se expone tambi\u00e9n que el origen y destino de los recursos a obtener permitir\u00e1 garantizar obras y acciones de inversi\u00f3n productiva, es decir, erogaciones realizadas con recursos provenientes de financiamientos, destinadas a la ejecuci\u00f3n de obras, adquisici\u00f3n de bienes que generen un aumento en la capacidad o vida \u00fatil de los mismos y as\u00ed lograr estabilidad y mejora en la econom\u00eda estatal.<\/p>\n\n\n\n<p>Mediante esta acci\u00f3n, se autorizar\u00eda al Estado para que, a trav\u00e9s de la Sefiplan, realice la constituci\u00f3n, el empleo, la utilizaci\u00f3n, modificaci\u00f3n y operaci\u00f3n del fideicomiso y la obtenci\u00f3n, en su caso, de la calificaci\u00f3n de calidad crediticia de la estructura de los financiamientos que el Estado contrate con base en el referido decreto y se adhieran al fideicomiso; en el entendido de que el Estado, por conducto del Poder Ejecutivo a trav\u00e9s de Sefiplan, podr\u00e1 pagar los gastos y dem\u00e1s erogaciones, directamente o mediante aportaci\u00f3n al fideicomiso de los recursos que se necesiten para tal efecto.<\/p>\n\n\n\n<p>En virtud de lo cual, el Estado deber\u00e1 prever anualmente en su Presupuesto de Egresos, en tanto existan obligaciones pendientes de pago a su cargo que deriven del o los financiamientos que contrate con base en dicho decreto, el importe que permita realizar las erogaciones para el pago del servicio de la deuda en cada ejercicio fiscal, hasta su liquidaci\u00f3n total.<\/p>\n\n\n\n<p>La iniciativa fue turnada a la Comisi\u00f3n Permanente de Hacienda del Estado para su an\u00e1lisis y, en su caso, dictaminaci\u00f3n.<\/p>\n\n\n\n<h1 class=\"wp-block-heading\"><\/h1>\n","protected":false},"excerpt":{"rendered":"<p>La LXV Legislatura recibi\u00f3 del gobernador Cuitl\u00e1huac Garc\u00eda Jim\u00e9nez una Iniciativa de Decreto por el cual se autoriza al Estado de Veracruz de Ignacio de la Llave gestionar y contratar uno o varios financiamientos hasta por dos mil millones de pesos, con destino a inversi\u00f3n p\u00fablica productiva durante el ejercicio fiscal 2021 y subsiguientes. De [&hellip;]<\/p>\n","protected":false},"author":6,"featured_media":1743,"comment_status":"open","ping_status":"open","sticky":false,"template":"","format":"standard","meta":{"_monsterinsights_skip_tracking":false,"_monsterinsights_sitenote_active":false,"_monsterinsights_sitenote_note":"","_monsterinsights_sitenote_category":0,"footnotes":""},"categories":[156],"tags":[515,304,214,162],"class_list":["post-1738","post","type-post","status-publish","format-standard","has-post-thumbnail","hentry","category-estado","tag-congreso-veracruz","tag-credito","tag-cuitlahuac","tag-portada","wp-image-borders"],"amp_enabled":true,"_links":{"self":[{"href":"https:\/\/nvnoticias.mx\/index.php\/wp-json\/wp\/v2\/posts\/1738","targetHints":{"allow":["GET"]}}],"collection":[{"href":"https:\/\/nvnoticias.mx\/index.php\/wp-json\/wp\/v2\/posts"}],"about":[{"href":"https:\/\/nvnoticias.mx\/index.php\/wp-json\/wp\/v2\/types\/post"}],"author":[{"embeddable":true,"href":"https:\/\/nvnoticias.mx\/index.php\/wp-json\/wp\/v2\/users\/6"}],"replies":[{"embeddable":true,"href":"https:\/\/nvnoticias.mx\/index.php\/wp-json\/wp\/v2\/comments?post=1738"}],"version-history":[{"count":3,"href":"https:\/\/nvnoticias.mx\/index.php\/wp-json\/wp\/v2\/posts\/1738\/revisions"}],"predecessor-version":[{"id":1746,"href":"https:\/\/nvnoticias.mx\/index.php\/wp-json\/wp\/v2\/posts\/1738\/revisions\/1746"}],"wp:featuredmedia":[{"embeddable":true,"href":"https:\/\/nvnoticias.mx\/index.php\/wp-json\/wp\/v2\/media\/1743"}],"wp:attachment":[{"href":"https:\/\/nvnoticias.mx\/index.php\/wp-json\/wp\/v2\/media?parent=1738"}],"wp:term":[{"taxonomy":"category","embeddable":true,"href":"https:\/\/nvnoticias.mx\/index.php\/wp-json\/wp\/v2\/categories?post=1738"},{"taxonomy":"post_tag","embeddable":true,"href":"https:\/\/nvnoticias.mx\/index.php\/wp-json\/wp\/v2\/tags?post=1738"}],"curies":[{"name":"wp","href":"https:\/\/api.w.org\/{rel}","templated":true}]}}