{"id":173701,"date":"2025-02-19T11:39:33","date_gmt":"2025-02-19T17:39:33","guid":{"rendered":"https:\/\/nvnoticias.mx\/?p=173701"},"modified":"2025-02-19T11:39:35","modified_gmt":"2025-02-19T17:39:35","slug":"respalda-congreso-del-trabajo-a-sheinbaum-ante-amenazas-de-eu","status":"publish","type":"post","link":"https:\/\/nvnoticias.mx\/index.php\/2025\/02\/19\/respalda-congreso-del-trabajo-a-sheinbaum-ante-amenazas-de-eu\/","title":{"rendered":"Respalda Congreso del Trabajo a Sheinbaum ante amenazas de EU"},"content":{"rendered":"\n<p>&nbsp;Al advertir que \u201cmillones\u201d de trabajadores de las industrias automotriz y de autopartes se ver\u00e1n afectadas de concretarse las medidas arancelarias que ha anunciado Estados Unidos, el Congreso del Trabajo (CT) expres\u00f3 su respaldo a la presidenta Claudia Sheinbaum ante las amenazas del gobierno de Donald Trump.<\/p>\n\n\n\n<p>Despu\u00e9s de tomar protesta para un tercer periodo al frente de este organismo que agrupa a m\u00e1s de 50 federaciones, confederaciones y sindicatos nacionales, Reyes Soberanis Moreno apunt\u00f3 que esos sectores son los que \u201ctienen mayor presi\u00f3n\u201d por\u00a0el posible traslado de producci\u00f3n de las automotrices de M\u00e9xico a Estados Unidos ante la posible aplicaci\u00f3n de aranceles, lo cual tambi\u00e9n traer\u00eda como consecuencia la reducci\u00f3n de mano de obra nacional.<\/p>\n\n\n\n<p>\u201cLa amenaza es grave. Tenemos sectores sensibles. Los primeros impactos&nbsp;ser\u00edan&nbsp;en el sector automotriz, que son las empresas que Trump quiere se regresen a Estados Unidos&nbsp;o que les pongan arancel para que puedan ir&nbsp;reduciendo sus plantillas en M\u00e9xico. El sector automotriz es importante. Nos preocupa que esto pueda impactar los empleos\u201d,&nbsp;se\u00f1al\u00f3.<\/p>\n\n\n\n<p>Indic\u00f3 que debido a la imposici\u00f3n de 25 por ciento de aranceles al acero y aluminio, otros sectores como la metal\u00fargica tendr\u00e1n repercusiones, pues son materiales con los que est\u00e1n elaboradas la gran mayor\u00eda de las autopartes.<\/p>\n\n\n\n<p>Mencion\u00f3 que hay empresas que ven\u00edan con la intenci\u00f3n de instalar su producci\u00f3n en M\u00e9xico, pero \u00e9stas se han detenido.&nbsp;\u201cTenemos datos&nbsp;de empresas que asesoro&nbsp;de reducci\u00f3n de hasta el 30 por ciento de la mano de obra por contratos que ya no se pueden fabricar aqu\u00ed en M\u00e9xico, porque est\u00e1n en espera de lo que vaya a resultar de estos acuerdos\u201d, se\u00f1al\u00f3 en entrevista.<\/p>\n\n\n\n<p>Como en los viejos tiempos, a ritmo de batucadas, porras y entre banderas monumentales, la nueva directiva encabezada por Reyes Soberanis tom\u00f3 protesta para el periodo 2025-2027 en un acto realizado en la explanada del edificio sede del Congreso del Trabajo, el cual hoy cumpli\u00f3 59 a\u00f1os de su fundaci\u00f3n.<\/p>\n\n\n\n<p>Fuente: La <a href=\"https:\/\/www.jornada.com.mx\/noticia\/2025\/02\/18\/politica\/respalda-congreso-del-trabajo-a-sheinbaum-ante-amenazas-de-eu-483\">Jornada<\/a><\/p>\n\n\n\n<p><\/p>\n\n\n\n<p><\/p>\n\n\n\n<p><\/p>\n","protected":false},"excerpt":{"rendered":"<p>&nbsp;Al advertir que \u201cmillones\u201d de trabajadores de las industrias automotriz y de autopartes se ver\u00e1n afectadas de concretarse las medidas arancelarias que ha anunciado Estados Unidos, el Congreso del Trabajo (CT) expres\u00f3 su respaldo a la presidenta Claudia Sheinbaum ante las amenazas del gobierno de Donald Trump. Despu\u00e9s de tomar protesta para un tercer periodo [&hellip;]<\/p>\n","protected":false},"author":35,"featured_media":173705,"comment_status":"open","ping_status":"open","sticky":false,"template":"","format":"standard","meta":{"_monsterinsights_skip_tracking":false,"_monsterinsights_sitenote_active":false,"_monsterinsights_sitenote_note":"","_monsterinsights_sitenote_category":0,"footnotes":""},"categories":[158],"tags":[2801,3353],"class_list":["post-173701","post","type-post","status-publish","format-standard","has-post-thumbnail","hentry","category-politica","tag-claudia-sheinbaum","tag-congreso-del-trabajo","wp-image-borders"],"amp_enabled":true,"_links":{"self":[{"href":"https:\/\/nvnoticias.mx\/index.php\/wp-json\/wp\/v2\/posts\/173701","targetHints":{"allow":["GET"]}}],"collection":[{"href":"https:\/\/nvnoticias.mx\/index.php\/wp-json\/wp\/v2\/posts"}],"about":[{"href":"https:\/\/nvnoticias.mx\/index.php\/wp-json\/wp\/v2\/types\/post"}],"author":[{"embeddable":true,"href":"https:\/\/nvnoticias.mx\/index.php\/wp-json\/wp\/v2\/users\/35"}],"replies":[{"embeddable":true,"href":"https:\/\/nvnoticias.mx\/index.php\/wp-json\/wp\/v2\/comments?post=173701"}],"version-history":[{"count":5,"href":"https:\/\/nvnoticias.mx\/index.php\/wp-json\/wp\/v2\/posts\/173701\/revisions"}],"predecessor-version":[{"id":173707,"href":"https:\/\/nvnoticias.mx\/index.php\/wp-json\/wp\/v2\/posts\/173701\/revisions\/173707"}],"wp:featuredmedia":[{"embeddable":true,"href":"https:\/\/nvnoticias.mx\/index.php\/wp-json\/wp\/v2\/media\/173705"}],"wp:attachment":[{"href":"https:\/\/nvnoticias.mx\/index.php\/wp-json\/wp\/v2\/media?parent=173701"}],"wp:term":[{"taxonomy":"category","embeddable":true,"href":"https:\/\/nvnoticias.mx\/index.php\/wp-json\/wp\/v2\/categories?post=173701"},{"taxonomy":"post_tag","embeddable":true,"href":"https:\/\/nvnoticias.mx\/index.php\/wp-json\/wp\/v2\/tags?post=173701"}],"curies":[{"name":"wp","href":"https:\/\/api.w.org\/{rel}","templated":true}]}}