{"id":173631,"date":"2025-02-18T13:46:24","date_gmt":"2025-02-18T19:46:24","guid":{"rendered":"https:\/\/nvnoticias.mx\/?p=173631"},"modified":"2025-02-18T13:46:26","modified_gmt":"2025-02-18T19:46:26","slug":"sheinbaum-sentencia-que-hay-que-parar-con-el-acoso-escolar","status":"publish","type":"post","link":"https:\/\/nvnoticias.mx\/index.php\/2025\/02\/18\/sheinbaum-sentencia-que-hay-que-parar-con-el-acoso-escolar\/","title":{"rendered":"Sheinbaum sentencia que hay que parar con el acoso escolar"},"content":{"rendered":"\n<p>La presidenta Claudia Sheinbaum fue cuestionada sobre el caso de la\u00a0menor de edad, F\u00e1tima, que fue v\u00edctima de bullying en la Ciudad de M\u00e9xico.<\/p>\n\n\n\n<blockquote class=\"wp-block-quote is-layout-flow wp-block-quote-is-layout-flow\">\n<p>\u201cEl objetivo&nbsp;<strong>es evitar el acoso escolar de cualquier tipo<\/strong>&nbsp;y la violencia verbal, f\u00edsica, frente a cualquier estudiante que sea diferente.&nbsp;<strong>Hay que pararlo<\/strong>&nbsp;y apoyar a las personas y familiares que son v\u00edctimas\u201d, sentenci\u00f3 la mandataria.<\/p>\n<\/blockquote>\n\n\n\n<p>Asegur\u00f3 que existen los mecanismos para combatir el bullying en las escuelas del pa\u00eds y record\u00f3 que durante el sexenio de Andr\u00e9s Manuel L\u00f3pez Obrador se trabaj\u00f3 un manual contra el acoso escolar.<\/p>\n\n\n\n<p>En cuanto al caso de F\u00e1tima, agreg\u00f3 que Mario Delgado, al frente de la Secretar\u00eda de Educaci\u00f3n P\u00fablica (SEP), ha estado en contacto con la familia de F\u00e1tima.<\/p>\n\n\n\n<p>F\u00e1tima Mayt\u00e9 Zavala, una ni\u00f1a de 13 a\u00f1os, fue lanzada desde el tercer piso de su escuela tras ser v\u00edctima de bullying.<\/p>\n\n\n\n<p>Los testimonios indican que F\u00e1tima\u00a0<strong>fue arrojada por una compa\u00f1era<\/strong>. La adolescente hab\u00eda informado que era objeto de acoso y agresiones de parte de sus compa\u00f1eras debido a sus gustos musicales y por ser\u00a0seguidora del K-pop y la cultura coreana.<\/p>\n\n\n\n<p>Fuente: El <a href=\"https:\/\/www.elfinanciero.com.mx\/nacional\/2025\/02\/18\/claudia-sheinbaum-mananera-temas-hoy-18-de-febrero-de-2025-en-vivo\/\">Financiero<\/a><\/p>\n\n\n\n<p><\/p>\n\n\n\n<p><\/p>\n\n\n\n<p><\/p>\n","protected":false},"excerpt":{"rendered":"<p>La presidenta Claudia Sheinbaum fue cuestionada sobre el caso de la\u00a0menor de edad, F\u00e1tima, que fue v\u00edctima de bullying en la Ciudad de M\u00e9xico. \u201cEl objetivo&nbsp;es evitar el acoso escolar de cualquier tipo&nbsp;y la violencia verbal, f\u00edsica, frente a cualquier estudiante que sea diferente.&nbsp;Hay que pararlo&nbsp;y apoyar a las personas y familiares que son v\u00edctimas\u201d, [&hellip;]<\/p>\n","protected":false},"author":35,"featured_media":23798,"comment_status":"open","ping_status":"open","sticky":false,"template":"","format":"standard","meta":{"_monsterinsights_skip_tracking":false,"_monsterinsights_sitenote_active":false,"_monsterinsights_sitenote_note":"","_monsterinsights_sitenote_category":0,"footnotes":""},"categories":[157],"tags":[31673,18996,2801],"class_list":["post-173631","post","type-post","status-publish","format-standard","has-post-thumbnail","hentry","category-nacional","tag-acoso-escolar","tag-bullying","tag-claudia-sheinbaum","wp-image-borders"],"amp_enabled":true,"_links":{"self":[{"href":"https:\/\/nvnoticias.mx\/index.php\/wp-json\/wp\/v2\/posts\/173631","targetHints":{"allow":["GET"]}}],"collection":[{"href":"https:\/\/nvnoticias.mx\/index.php\/wp-json\/wp\/v2\/posts"}],"about":[{"href":"https:\/\/nvnoticias.mx\/index.php\/wp-json\/wp\/v2\/types\/post"}],"author":[{"embeddable":true,"href":"https:\/\/nvnoticias.mx\/index.php\/wp-json\/wp\/v2\/users\/35"}],"replies":[{"embeddable":true,"href":"https:\/\/nvnoticias.mx\/index.php\/wp-json\/wp\/v2\/comments?post=173631"}],"version-history":[{"count":2,"href":"https:\/\/nvnoticias.mx\/index.php\/wp-json\/wp\/v2\/posts\/173631\/revisions"}],"predecessor-version":[{"id":173633,"href":"https:\/\/nvnoticias.mx\/index.php\/wp-json\/wp\/v2\/posts\/173631\/revisions\/173633"}],"wp:featuredmedia":[{"embeddable":true,"href":"https:\/\/nvnoticias.mx\/index.php\/wp-json\/wp\/v2\/media\/23798"}],"wp:attachment":[{"href":"https:\/\/nvnoticias.mx\/index.php\/wp-json\/wp\/v2\/media?parent=173631"}],"wp:term":[{"taxonomy":"category","embeddable":true,"href":"https:\/\/nvnoticias.mx\/index.php\/wp-json\/wp\/v2\/categories?post=173631"},{"taxonomy":"post_tag","embeddable":true,"href":"https:\/\/nvnoticias.mx\/index.php\/wp-json\/wp\/v2\/tags?post=173631"}],"curies":[{"name":"wp","href":"https:\/\/api.w.org\/{rel}","templated":true}]}}