{"id":173500,"date":"2025-02-17T10:52:10","date_gmt":"2025-02-17T16:52:10","guid":{"rendered":"https:\/\/nvnoticias.mx\/?p=173500"},"modified":"2025-02-17T10:52:12","modified_gmt":"2025-02-17T16:52:12","slug":"proyecto-de-desarrollo-urbano-en-el-estadio-azteca-quedo-pendiente-sheinbaum","status":"publish","type":"post","link":"https:\/\/nvnoticias.mx\/index.php\/2025\/02\/17\/proyecto-de-desarrollo-urbano-en-el-estadio-azteca-quedo-pendiente-sheinbaum\/","title":{"rendered":"Proyecto de desarrollo urbano en el Estadio Azteca &#8220;qued\u00f3 pendiente&#8221;: Sheinbaum"},"content":{"rendered":"\n<p>El proyecto de desarrollo urbano que se pretend\u00eda emprender en las inmediaciones del Estadio Azteca con motivo del Mundial de futbol 2026 \u201cqued\u00f3 pendiente\u201d, reconoci\u00f3 la presidenta Claudia Sheinbaum Pardo.<\/p>\n\n\n\n<p>En la ma\u00f1anera de este lunes, a pregunta sobre los procesos que se anunciaron cuando ella fue jefa de gobierno de la Ciudad de M\u00e9xico para desarrollar en esa zona del sur de la capital del pa\u00eds un centro comercial, un hotel y otras obras, refiri\u00f3 que hoy lo tendr\u00eda que definir y, en su caso, retomar, la actual mandataria de la ciudad, Clara Brugada.<\/p>\n\n\n\n<p>Con motivo de la copa del mundo \u2014que se realizar\u00e1 en verano de 2026 en Estados Unidos, M\u00e9xico y Canad\u00e1\u2014, la jefa de Ejecutivo plante\u00f3 que lo principal por ahora es la remodelaci\u00f3n del llamado Coloso de Santa \u00darsula.<\/p>\n\n\n\n<p>\u201cEn la parte exterior son pocas las intervenciones que se van a hacer. Preguntar\u00e9 a la jefa de gobierno\u201d.<\/p>\n\n\n\n<p>Record\u00f3 que cuando ella estuvo al frente del gobierno capitalino se realiz\u00f3 la remodelaci\u00f3n del Tren Ligero \u2014que conduce al Estadio Azteca\u2014 y lo que ahora corresponde en las inmediaciones del inmueble deportivo es un paso peatonal y llegar a un acuerdo con los vendedores de v\u00eda p\u00fablica que se instalan en un puente.<\/p>\n\n\n\n<p>\u201cLa idea es que se tenga una remodelaci\u00f3n para el Mundial, por lo menos m\u00ednima\u201d, sostuvo.<\/p>\n\n\n\n<p>Fuente: La <a href=\"https:\/\/www.jornada.com.mx\/noticia\/2025\/02\/17\/capital\/proyecto-de-desarrollo-urbano-en-el-estadio-azteca-quedo-pendiente-sheinbaum-9026\">Jornada<\/a><\/p>\n\n\n\n<p><\/p>\n\n\n\n<p><\/p>\n\n\n\n<p><\/p>\n\n\n\n<p><\/p>\n","protected":false},"excerpt":{"rendered":"<p>El proyecto de desarrollo urbano que se pretend\u00eda emprender en las inmediaciones del Estadio Azteca con motivo del Mundial de futbol 2026 \u201cqued\u00f3 pendiente\u201d, reconoci\u00f3 la presidenta Claudia Sheinbaum Pardo. En la ma\u00f1anera de este lunes, a pregunta sobre los procesos que se anunciaron cuando ella fue jefa de gobierno de la Ciudad de M\u00e9xico [&hellip;]<\/p>\n","protected":false},"author":35,"featured_media":71416,"comment_status":"open","ping_status":"open","sticky":false,"template":"","format":"standard","meta":{"_monsterinsights_skip_tracking":false,"_monsterinsights_sitenote_active":false,"_monsterinsights_sitenote_note":"","_monsterinsights_sitenote_category":0,"footnotes":""},"categories":[157],"tags":[2801,6408,162],"class_list":["post-173500","post","type-post","status-publish","format-standard","has-post-thumbnail","hentry","category-nacional","tag-claudia-sheinbaum","tag-estadio-azteca","tag-portada","wp-image-borders"],"amp_enabled":true,"_links":{"self":[{"href":"https:\/\/nvnoticias.mx\/index.php\/wp-json\/wp\/v2\/posts\/173500","targetHints":{"allow":["GET"]}}],"collection":[{"href":"https:\/\/nvnoticias.mx\/index.php\/wp-json\/wp\/v2\/posts"}],"about":[{"href":"https:\/\/nvnoticias.mx\/index.php\/wp-json\/wp\/v2\/types\/post"}],"author":[{"embeddable":true,"href":"https:\/\/nvnoticias.mx\/index.php\/wp-json\/wp\/v2\/users\/35"}],"replies":[{"embeddable":true,"href":"https:\/\/nvnoticias.mx\/index.php\/wp-json\/wp\/v2\/comments?post=173500"}],"version-history":[{"count":4,"href":"https:\/\/nvnoticias.mx\/index.php\/wp-json\/wp\/v2\/posts\/173500\/revisions"}],"predecessor-version":[{"id":173504,"href":"https:\/\/nvnoticias.mx\/index.php\/wp-json\/wp\/v2\/posts\/173500\/revisions\/173504"}],"wp:featuredmedia":[{"embeddable":true,"href":"https:\/\/nvnoticias.mx\/index.php\/wp-json\/wp\/v2\/media\/71416"}],"wp:attachment":[{"href":"https:\/\/nvnoticias.mx\/index.php\/wp-json\/wp\/v2\/media?parent=173500"}],"wp:term":[{"taxonomy":"category","embeddable":true,"href":"https:\/\/nvnoticias.mx\/index.php\/wp-json\/wp\/v2\/categories?post=173500"},{"taxonomy":"post_tag","embeddable":true,"href":"https:\/\/nvnoticias.mx\/index.php\/wp-json\/wp\/v2\/tags?post=173500"}],"curies":[{"name":"wp","href":"https:\/\/api.w.org\/{rel}","templated":true}]}}