{"id":173428,"date":"2025-02-16T13:10:48","date_gmt":"2025-02-16T19:10:48","guid":{"rendered":"https:\/\/nvnoticias.mx\/?p=173428"},"modified":"2025-02-16T13:10:50","modified_gmt":"2025-02-16T19:10:50","slug":"jorge-campos-inspiro-a-iker-casillas-esto-le-copio-el-espanol-al-portero-mexicano","status":"publish","type":"post","link":"https:\/\/nvnoticias.mx\/index.php\/2025\/02\/16\/jorge-campos-inspiro-a-iker-casillas-esto-le-copio-el-espanol-al-portero-mexicano\/","title":{"rendered":"Jorge Campos inspir\u00f3 a Iker Casillas; esto \u201cle copi\u00f3\u201d el espa\u00f1ol al portero mexicano"},"content":{"rendered":"\n<p><\/p>\n\n\n\n<p>Jorge Campos ha sido uno de los porteros m\u00e1s famosos en todo el mundo, primero por sus grandes actuaciones en el arco y segundo por sus peculiares indumentarias, con las que muchas figuras del futbol (como Iker Casillas) y una gran cantidad de aficionados lo recuerdan.<\/p>\n\n\n\n<p>El ahora analista de TV Azteca consolid\u00f3 una de las carreras m\u00e1s importantes del futbol mexicano, tanto as\u00ed que el guardameta campe\u00f3n del mundo en 2010 &#8220;le copi\u00f3&#8221; al de Acapulco el estilo.<\/p>\n\n\n\n<p>Durante su participaci\u00f3n en el podcast Los Parrilleros, Luis Hern\u00e1ndez &#8216;El Matador&#8217; revel\u00f3 una charla que tuvo con el exmeta del Real Madrid en donde confes\u00f3 haberse inspirado en &#8216;El Brody&#8217;.<\/p>\n\n\n\n<h2 class=\"wp-block-heading\">\u00bfQu\u00e9 le dijo Iker Casillas al Matador Hern\u00e1ndez?<\/h2>\n\n\n\n<p>&#8216;<strong>El Matador<\/strong>&#8216;\u00a0<strong>Hern\u00e1ndez\u00a0<\/strong>cont\u00f3 que en una reuni\u00f3n\u00a0<strong>Iker Casillas<\/strong>\u00a0le explic\u00f3 por qu\u00e9 usaba la manga recortada siendo portero, a lo que el nacido en\u00a0<strong>M\u00f3stoles\u00a0<\/strong>apunt\u00f3:\u00a0<em><strong>&#8220;Lo que pasa Luisito es que yo de chaval ve\u00eda a Jorge Campos<\/strong><\/em>. Yo he platicado con \u00e9l, lo sabe, (le he dicho) &#8216;gracias a ti me gustaba usar as\u00ed (la manga)'&#8221;.<\/p>\n\n\n\n<blockquote class=\"tiktok-embed\" cite=\"https:\/\/www.tiktok.com\/@losparrilleros\/video\/7458334823485017349\" data-video-id=\"7458334823485017349\" style=\"max-width: 605px;min-width: 325px;\" > <section> <a target=\"_blank\" title=\"@losparrilleros\" href=\"https:\/\/www.tiktok.com\/@losparrilleros?refer=embed\" rel=\"noopener\">@losparrilleros<\/a> <p>Algo que no esper\u00e1bamos&#8230; <\/p> <a target=\"_blank\" title=\"\u266c sonido original - Los Parrilleros\" href=\"https:\/\/www.tiktok.com\/music\/sonido-original-7458334830727531269?refer=embed\" rel=\"noopener\">\u266c sonido original &#8211; Los Parrilleros<\/a> <\/section> <\/blockquote> <script async src=\"https:\/\/www.tiktok.com\/embed.js\"><\/script>\n\n\n\n<p><\/p>\n\n\n\n<h2 class=\"wp-block-heading\">Iker Casillas y su admiraci\u00f3n por Jorge Campos<\/h2>\n\n\n\n<p>Respecto al tema de la manga corta en sus jerseys de portero,&nbsp;<strong>Iker Casillas<\/strong>&nbsp;alguna vez respondi\u00f3 en X sobre por qu\u00e9 adopt\u00f3 este modelo para jugar y qui\u00e9nes lo inspiraron a hacerlo.<\/p>\n\n\n\n<p>&#8220;<em><strong>Yo vi a Jorge Campos cuando era ni\u00f1o<\/strong><\/em>. Y despu\u00e9s cuando ya rozaba la mayor\u00eda de edad Gianluigi Buffon en el Parma o Barthez con Francia. Al debutar en 1\u00aa me gustaba remangarme la camiseta, y pasadas dos temporadas decid\u00ed cortarme las mangas&#8221;, se lee en la publicaci\u00f3n hecha por el ex meta del Porto en marzo del 2018.<\/p>\n\n\n\n<p>Fuente: <a href=\"https:\/\/www.eluniversal.com.mx\/deportes\/iker-casillas-se-inspiro-en-jorge-campos-esto-le-copio-el-espanol-al-portero-mexicano\/\">El Universal<\/a><\/p>\n","protected":false},"excerpt":{"rendered":"<p>Jorge Campos ha sido uno de los porteros m\u00e1s famosos en todo el mundo, primero por sus grandes actuaciones en el arco y segundo por sus peculiares indumentarias, con las que muchas figuras del futbol (como Iker Casillas) y una gran cantidad de aficionados lo recuerdan. El ahora analista de TV Azteca consolid\u00f3 una de [&hellip;]<\/p>\n","protected":false},"author":6,"featured_media":173429,"comment_status":"open","ping_status":"open","sticky":false,"template":"","format":"standard","meta":{"_monsterinsights_skip_tracking":false,"_monsterinsights_sitenote_active":false,"_monsterinsights_sitenote_note":"","_monsterinsights_sitenote_category":0,"footnotes":""},"categories":[159],"tags":[31668,12748],"class_list":["post-173428","post","type-post","status-publish","format-standard","has-post-thumbnail","hentry","category-deportes","tag-iker-casillas","tag-jorge-campos","wp-image-borders"],"amp_enabled":true,"_links":{"self":[{"href":"https:\/\/nvnoticias.mx\/index.php\/wp-json\/wp\/v2\/posts\/173428","targetHints":{"allow":["GET"]}}],"collection":[{"href":"https:\/\/nvnoticias.mx\/index.php\/wp-json\/wp\/v2\/posts"}],"about":[{"href":"https:\/\/nvnoticias.mx\/index.php\/wp-json\/wp\/v2\/types\/post"}],"author":[{"embeddable":true,"href":"https:\/\/nvnoticias.mx\/index.php\/wp-json\/wp\/v2\/users\/6"}],"replies":[{"embeddable":true,"href":"https:\/\/nvnoticias.mx\/index.php\/wp-json\/wp\/v2\/comments?post=173428"}],"version-history":[{"count":1,"href":"https:\/\/nvnoticias.mx\/index.php\/wp-json\/wp\/v2\/posts\/173428\/revisions"}],"predecessor-version":[{"id":173430,"href":"https:\/\/nvnoticias.mx\/index.php\/wp-json\/wp\/v2\/posts\/173428\/revisions\/173430"}],"wp:featuredmedia":[{"embeddable":true,"href":"https:\/\/nvnoticias.mx\/index.php\/wp-json\/wp\/v2\/media\/173429"}],"wp:attachment":[{"href":"https:\/\/nvnoticias.mx\/index.php\/wp-json\/wp\/v2\/media?parent=173428"}],"wp:term":[{"taxonomy":"category","embeddable":true,"href":"https:\/\/nvnoticias.mx\/index.php\/wp-json\/wp\/v2\/categories?post=173428"},{"taxonomy":"post_tag","embeddable":true,"href":"https:\/\/nvnoticias.mx\/index.php\/wp-json\/wp\/v2\/tags?post=173428"}],"curies":[{"name":"wp","href":"https:\/\/api.w.org\/{rel}","templated":true}]}}