{"id":173378,"date":"2025-02-15T14:04:03","date_gmt":"2025-02-15T20:04:03","guid":{"rendered":"https:\/\/nvnoticias.mx\/?p=173378"},"modified":"2025-02-15T14:04:05","modified_gmt":"2025-02-15T20:04:05","slug":"el-tiempo-es-el-recurso-mas-valioso","status":"publish","type":"post","link":"https:\/\/nvnoticias.mx\/index.php\/2025\/02\/15\/el-tiempo-es-el-recurso-mas-valioso\/","title":{"rendered":"El Tiempo es el Recurso M\u00e1s Valioso"},"content":{"rendered":"\n<p>No se Puede Comparar, Reponer, Recuperar y es la Clave para la Felicidad, el \u00c9xito y la Trascendencia.<\/p>\n\n\n\n<p>El tiempo es el bien m\u00e1s equitativo y a la vez el m\u00e1s implacable. Todos disponemos de 365 d\u00edas al a\u00f1o, 24 horas al d\u00eda, 1,440 minutos y 86,400 segundos, pero la diferencia est\u00e1 en c\u00f3mo los utilizamos. No podemos controlar cu\u00e1nto viviremos, pero s\u00ed podemos decidir c\u00f3mo aprovechar cada instante.<\/p>\n\n\n\n<p>Muchos pasan la vida como espectadores, viendo c\u00f3mo otros avanzan, mientras ellos postergan decisiones y sue\u00f1os. Dejan que los d\u00edas pasen sin prop\u00f3sito, sin marcar una diferencia, sin tomar el control de su propia historia. Pero la verdadera medida del tiempo no est\u00e1 en los a\u00f1os que acumulamos, sino en la intensidad con la que los vivimos.<\/p>\n\n\n\n<p>???? Algunos dejan un impacto en poco tiempo, mientras que otros atraviesan d\u00e9cadas sin cambiar nada.<br>???? Hay quienes viven 100 a\u00f1os y quienes repiten el mismo a\u00f1o 100 veces, sin crecimiento ni evoluci\u00f3n.<br>???? El tiempo que no se usa con intenci\u00f3n, se pierde para siempre.<\/p>\n\n\n\n<p>Nuestra existencia es breve, pero en ese instante podemos transformar vidas, construir un legado y cambiar el rumbo de la historia. No esperemos el momento perfecto, porque el \u00fanico tiempo que poseemos es el ahora.<\/p>\n\n\n\n<p>Cada segundo cuenta. Cada decisi\u00f3n define el futuro.<\/p>\n\n\n\n<p>La grandeza no se mide en a\u00f1os, sino en acciones. No permitamos que la vida pase de largo. Levant\u00e9monos, actuemos con determinaci\u00f3n y hagamos que cada d\u00eda cuente.<\/p>\n\n\n\n<p>Vive con prop\u00f3sito, deja huella, aprovecha tu tiempo.<\/p>\n\n\n\n<h1 class=\"wp-block-heading\">ParaSerMejores<\/h1>\n\n\n\n<p>Dr. Jerem\u00edas Z\u00fa\u00f1iga Mezano<\/p>\n","protected":false},"excerpt":{"rendered":"<p>No se Puede Comparar, Reponer, Recuperar y es la Clave para la Felicidad, el \u00c9xito y la Trascendencia. El tiempo es el bien m\u00e1s equitativo y a la vez el m\u00e1s implacable. Todos disponemos de 365 d\u00edas al a\u00f1o, 24 horas al d\u00eda, 1,440 minutos y 86,400 segundos, pero la diferencia est\u00e1 en c\u00f3mo los [&hellip;]<\/p>\n","protected":false},"author":48,"featured_media":101529,"comment_status":"open","ping_status":"open","sticky":false,"template":"","format":"standard","meta":{"_monsterinsights_skip_tracking":false,"_monsterinsights_sitenote_active":false,"_monsterinsights_sitenote_note":"","_monsterinsights_sitenote_category":0,"footnotes":""},"categories":[30211],"tags":[],"class_list":["post-173378","post","type-post","status-publish","format-standard","has-post-thumbnail","hentry","category-para-ser-mejores","wp-image-borders"],"amp_enabled":true,"_links":{"self":[{"href":"https:\/\/nvnoticias.mx\/index.php\/wp-json\/wp\/v2\/posts\/173378","targetHints":{"allow":["GET"]}}],"collection":[{"href":"https:\/\/nvnoticias.mx\/index.php\/wp-json\/wp\/v2\/posts"}],"about":[{"href":"https:\/\/nvnoticias.mx\/index.php\/wp-json\/wp\/v2\/types\/post"}],"author":[{"embeddable":true,"href":"https:\/\/nvnoticias.mx\/index.php\/wp-json\/wp\/v2\/users\/48"}],"replies":[{"embeddable":true,"href":"https:\/\/nvnoticias.mx\/index.php\/wp-json\/wp\/v2\/comments?post=173378"}],"version-history":[{"count":2,"href":"https:\/\/nvnoticias.mx\/index.php\/wp-json\/wp\/v2\/posts\/173378\/revisions"}],"predecessor-version":[{"id":173380,"href":"https:\/\/nvnoticias.mx\/index.php\/wp-json\/wp\/v2\/posts\/173378\/revisions\/173380"}],"wp:featuredmedia":[{"embeddable":true,"href":"https:\/\/nvnoticias.mx\/index.php\/wp-json\/wp\/v2\/media\/101529"}],"wp:attachment":[{"href":"https:\/\/nvnoticias.mx\/index.php\/wp-json\/wp\/v2\/media?parent=173378"}],"wp:term":[{"taxonomy":"category","embeddable":true,"href":"https:\/\/nvnoticias.mx\/index.php\/wp-json\/wp\/v2\/categories?post=173378"},{"taxonomy":"post_tag","embeddable":true,"href":"https:\/\/nvnoticias.mx\/index.php\/wp-json\/wp\/v2\/tags?post=173378"}],"curies":[{"name":"wp","href":"https:\/\/api.w.org\/{rel}","templated":true}]}}