{"id":17337,"date":"2021-06-29T11:48:32","date_gmt":"2021-06-29T16:48:32","guid":{"rendered":"https:\/\/nvnoticias.mx\/?p=17337"},"modified":"2021-06-29T11:48:32","modified_gmt":"2021-06-29T16:48:32","slug":"por-robo-de-cable-electrico-continuan-los-apagones-en-veracruz","status":"publish","type":"post","link":"https:\/\/nvnoticias.mx\/index.php\/2021\/06\/29\/por-robo-de-cable-electrico-continuan-los-apagones-en-veracruz\/","title":{"rendered":"Por robo de cable el\u00e9ctrico contin\u00faan  los apagones en colonias de Veracruz"},"content":{"rendered":"\n<p><strong>Jes\u00fas Utrilla<\/strong>&nbsp;<strong>\/ NV Noticias<\/strong>&nbsp;<\/p>\n\n\n\n<p>Repunt\u00f3 el robo de cableado el\u00e9ctrico en colonias de Veracruz, incluso lugares como la Huaca tuvieron cortes de energ\u00eda por m\u00e1s de 10 horas.&nbsp;<\/p>\n\n\n\n<p>Marco Antonio Moncayo Parra, presidente del Movimiento Renovador Democr\u00e1tico, dijo que los amantes de lo ajeno se est\u00e1n llevando las instalaciones de cobre provocando apagones.&nbsp;<\/p>\n\n\n\n<blockquote class=\"wp-block-quote is-layout-flow wp-block-quote-is-layout-flow\"><p>\u201cQue la misma polic\u00eda act\u00fae cuando vea a gente sospechosa porque a veces se ponen uniformes de la CFE para hacer sus movimientos y robarse el cable. Que les pidan un documento de que est\u00e1n realizando su trabajo y evitar los robos\u201d.\u00a0<\/p><\/blockquote>\n\n\n\n<p>Por otro&nbsp;lado,&nbsp;se\u00f1al\u00f3 que debe ponerse orden en la Planta Nuclear de Laguna Verde ante los se\u00f1alamientos constantes de presuntos riesgos.&nbsp;<\/p>\n\n\n\n<p>Tambi\u00e9n advirti\u00f3 que seguir\u00e1n las manifestaciones para lograr una reclasificaci\u00f3n de tarifas el\u00e9ctricas para el estado de Veracruz, pues alto productor y los habitantes pagan recibos altos en comparaci\u00f3n a otras partes del pa\u00eds.&nbsp;<\/p>\n\n\n\n<blockquote class=\"wp-block-quote is-layout-flow wp-block-quote-is-layout-flow\"><p>\u201cLa basura radioactiva en ning\u00fan lugar est\u00e1 segura, en todos lados hay riesgo y todos estamos en riesgo.\u00a0Adem\u00e1s,\u00a0no hay tarifas que nos den beneficios por eso seguiremos con las manifestaciones\u201d.\u00a0<\/p><\/blockquote>\n\n\n\n<p>Finalmente insisti\u00f3 en que debe verificarse el servicio de agua en la zona conurbada ya que los habitantes demandan mejores condiciones en cuanto al vital l\u00edquido y la energ\u00eda el\u00e9ctrica.&nbsp;<\/p>\n","protected":false},"excerpt":{"rendered":"<p>Jes\u00fas Utrilla&nbsp;\/ NV Noticias&nbsp; Repunt\u00f3 el robo de cableado el\u00e9ctrico en colonias de Veracruz, incluso lugares como la Huaca tuvieron cortes de energ\u00eda por m\u00e1s de 10 horas.&nbsp; Marco Antonio Moncayo Parra, presidente del Movimiento Renovador Democr\u00e1tico, dijo que los amantes de lo ajeno se est\u00e1n llevando las instalaciones de cobre provocando apagones.&nbsp; \u201cQue la [&hellip;]<\/p>\n","protected":false},"author":6,"featured_media":17340,"comment_status":"open","ping_status":"open","sticky":false,"template":"","format":"standard","meta":{"_monsterinsights_skip_tracking":false,"_monsterinsights_sitenote_active":false,"_monsterinsights_sitenote_note":"","_monsterinsights_sitenote_category":0,"footnotes":""},"categories":[154],"tags":[4688,938,180],"class_list":["post-17337","post","type-post","status-publish","format-standard","has-post-thumbnail","hentry","category-veracruz","tag-cable-electrico","tag-robo","tag-veracruz","wp-image-borders"],"amp_enabled":true,"_links":{"self":[{"href":"https:\/\/nvnoticias.mx\/index.php\/wp-json\/wp\/v2\/posts\/17337","targetHints":{"allow":["GET"]}}],"collection":[{"href":"https:\/\/nvnoticias.mx\/index.php\/wp-json\/wp\/v2\/posts"}],"about":[{"href":"https:\/\/nvnoticias.mx\/index.php\/wp-json\/wp\/v2\/types\/post"}],"author":[{"embeddable":true,"href":"https:\/\/nvnoticias.mx\/index.php\/wp-json\/wp\/v2\/users\/6"}],"replies":[{"embeddable":true,"href":"https:\/\/nvnoticias.mx\/index.php\/wp-json\/wp\/v2\/comments?post=17337"}],"version-history":[{"count":1,"href":"https:\/\/nvnoticias.mx\/index.php\/wp-json\/wp\/v2\/posts\/17337\/revisions"}],"predecessor-version":[{"id":17338,"href":"https:\/\/nvnoticias.mx\/index.php\/wp-json\/wp\/v2\/posts\/17337\/revisions\/17338"}],"wp:featuredmedia":[{"embeddable":true,"href":"https:\/\/nvnoticias.mx\/index.php\/wp-json\/wp\/v2\/media\/17340"}],"wp:attachment":[{"href":"https:\/\/nvnoticias.mx\/index.php\/wp-json\/wp\/v2\/media?parent=17337"}],"wp:term":[{"taxonomy":"category","embeddable":true,"href":"https:\/\/nvnoticias.mx\/index.php\/wp-json\/wp\/v2\/categories?post=17337"},{"taxonomy":"post_tag","embeddable":true,"href":"https:\/\/nvnoticias.mx\/index.php\/wp-json\/wp\/v2\/tags?post=17337"}],"curies":[{"name":"wp","href":"https:\/\/api.w.org\/{rel}","templated":true}]}}