{"id":173022,"date":"2025-02-13T09:26:10","date_gmt":"2025-02-13T15:26:10","guid":{"rendered":"https:\/\/nvnoticias.mx\/?p=173022"},"modified":"2025-02-13T09:26:12","modified_gmt":"2025-02-13T15:26:12","slug":"celebra-xalapa-el-amor-y-la-amistad-con-arte-musica-y-tradicion","status":"publish","type":"post","link":"https:\/\/nvnoticias.mx\/index.php\/2025\/02\/13\/celebra-xalapa-el-amor-y-la-amistad-con-arte-musica-y-tradicion\/","title":{"rendered":"Celebra Xalapa el amor y la amistad con arte, m\u00fasica y tradici\u00f3n"},"content":{"rendered":"\n<p>Xalapa, Ver.- Desde boleros y danza, hasta teatro y exposiciones artesanales podr\u00e1 disfrutar la ciudadan\u00eda en la expo \u201cFlores con Amor\u201d, que se llevar\u00e1 a cabo del 14 al 16 de febrero en el parque Benito Ju\u00e1rez, de 9:00 a 21:00 horas.<\/p>\n\n\n\n<p>Este evento organizado por el Ayuntamiento de Xalapa, ofrecer\u00e1 una variada cartelera de actividades culturales para celebrar el D\u00eda del Amor y la Amistad, incluyendo presentaciones musicales, charlas, muestras de productos artesanales y espect\u00e1culos para toda la familia.<\/p>\n\n\n\n<p>El 14 de febrero se tendr\u00e1 la participaci\u00f3n del Dueto Ricardo y Gema, a las 16:00 horas. A las 17:00 horas, se presenta la Tuna Universidad de la Ciudad de Xalapa.<\/p>\n\n\n\n<p>La m\u00fasica continuar\u00e1 con la presentaci\u00f3n de Erika Rosas, a las 18:00 horas, y a las 19:00 horas se tendr\u00e1 la actuaci\u00f3n de Armando Platas.<\/p>\n\n\n\n<p>El s\u00e1bado 15 de febrero, a las 16:00 horas, se presentar\u00e1 el Coro \u201cSemblanza del Adulto Mayor\u201d, que interpretar\u00e1 un repertorio especial; a las 17:00 horas se presentar\u00e1 el Coro CJA3 del Bachillerato Art\u00edculo Tercero.<\/p>\n\n\n\n<p>La m\u00fasica seguir\u00e1 con el Dueto Mela\u2019o, a las 18:00 horas, y como parte del programa \u201cApantallArte\u201d, a las 19:00 horas, se proyectar\u00e1 la pel\u00edcula \u201cYo antes de ti\u201d.<\/p>\n\n\n\n<p>El domingo 16 de febrero habr\u00e1 diversas actividades como Mercado de Hojas y PintArte, de 12:00 a 14:00 horas. El p\u00fablico tambi\u00e9n podr\u00e1 disfrutar del espect\u00e1culo infantil Chispita Show, a las 12:00 horas, y la presentaci\u00f3n de un espect\u00e1culo de bolero, con Tonada de Plomo, a las 13:00 horas.<\/p>\n\n\n\n<p>A las 14:00 horas, se llevar\u00e1n a cabo juegos aut\u00f3ctonos, y para cerrar el evento se tendr\u00e1 una edici\u00f3n m\u00e1s de \u201cDanz\u00f3n Pa\u2019l Coraz\u00f3n\u201d, a las 17:00 horas.<\/p>\n\n\n\n<p>Con estas actividades, la Expo \u201cFlores con Amor\u201d busca no s\u00f3lo celebrar el amor y la amistad, sino tambi\u00e9n resaltar el talento local y la riqueza cultural de Veracruz.<\/p>\n","protected":false},"excerpt":{"rendered":"<p>Xalapa, Ver.- Desde boleros y danza, hasta teatro y exposiciones artesanales podr\u00e1 disfrutar la ciudadan\u00eda en la expo \u201cFlores con Amor\u201d, que se llevar\u00e1 a cabo del 14 al 16 de febrero en el parque Benito Ju\u00e1rez, de 9:00 a 21:00 horas. Este evento organizado por el Ayuntamiento de Xalapa, ofrecer\u00e1 una variada cartelera de [&hellip;]<\/p>\n","protected":false},"author":35,"featured_media":173023,"comment_status":"open","ping_status":"open","sticky":false,"template":"","format":"standard","meta":{"_monsterinsights_skip_tracking":false,"_monsterinsights_sitenote_active":false,"_monsterinsights_sitenote_note":"","_monsterinsights_sitenote_category":0,"footnotes":""},"categories":[156],"tags":[29213,1917,4050,312],"class_list":["post-173022","post","type-post","status-publish","format-standard","has-post-thumbnail","hentry","category-estado","tag-amor-y-amistad","tag-arte","tag-musica","tag-xalapa","wp-image-borders"],"amp_enabled":true,"_links":{"self":[{"href":"https:\/\/nvnoticias.mx\/index.php\/wp-json\/wp\/v2\/posts\/173022","targetHints":{"allow":["GET"]}}],"collection":[{"href":"https:\/\/nvnoticias.mx\/index.php\/wp-json\/wp\/v2\/posts"}],"about":[{"href":"https:\/\/nvnoticias.mx\/index.php\/wp-json\/wp\/v2\/types\/post"}],"author":[{"embeddable":true,"href":"https:\/\/nvnoticias.mx\/index.php\/wp-json\/wp\/v2\/users\/35"}],"replies":[{"embeddable":true,"href":"https:\/\/nvnoticias.mx\/index.php\/wp-json\/wp\/v2\/comments?post=173022"}],"version-history":[{"count":2,"href":"https:\/\/nvnoticias.mx\/index.php\/wp-json\/wp\/v2\/posts\/173022\/revisions"}],"predecessor-version":[{"id":173025,"href":"https:\/\/nvnoticias.mx\/index.php\/wp-json\/wp\/v2\/posts\/173022\/revisions\/173025"}],"wp:featuredmedia":[{"embeddable":true,"href":"https:\/\/nvnoticias.mx\/index.php\/wp-json\/wp\/v2\/media\/173023"}],"wp:attachment":[{"href":"https:\/\/nvnoticias.mx\/index.php\/wp-json\/wp\/v2\/media?parent=173022"}],"wp:term":[{"taxonomy":"category","embeddable":true,"href":"https:\/\/nvnoticias.mx\/index.php\/wp-json\/wp\/v2\/categories?post=173022"},{"taxonomy":"post_tag","embeddable":true,"href":"https:\/\/nvnoticias.mx\/index.php\/wp-json\/wp\/v2\/tags?post=173022"}],"curies":[{"name":"wp","href":"https:\/\/api.w.org\/{rel}","templated":true}]}}