{"id":172951,"date":"2025-02-12T12:23:04","date_gmt":"2025-02-12T18:23:04","guid":{"rendered":"https:\/\/nvnoticias.mx\/?p=172951"},"modified":"2025-02-12T12:23:06","modified_gmt":"2025-02-12T18:23:06","slug":"gobierno-de-mexico-desmiente-que-uriel-carmona-haya-sido-destituido-por-venganza","status":"publish","type":"post","link":"https:\/\/nvnoticias.mx\/index.php\/2025\/02\/12\/gobierno-de-mexico-desmiente-que-uriel-carmona-haya-sido-destituido-por-venganza\/","title":{"rendered":"Gobierno de M\u00e9xico desmiente que Uriel Carmona haya sido destituido por \u201cvenganza\u201d"},"content":{"rendered":"\n<p>Luego de que se confirmara la destituci\u00f3n de\u00a0<strong>Uriel Carmona G\u00e1ndara<\/strong>\u00a0como titular de la\u00a0<strong>Fiscal\u00eda General de Justicia del Estado de Morelos<\/strong>, el Gobierno de M\u00e9xico encabezado por la presidenta<strong>\u00a0Claudia Sheinbaum Pardo\u00a0<\/strong>aclar\u00f3 que este acto no corresponde a una venganza por parte de la gobernadora\u00a0<strong>Margarita Gonz\u00e1lez Saravia.\u00a0<\/strong><a href=\"https:\/\/www.infobae.com\/mexico\/2025\/02\/12\/sheinbaum-enviara-carta-a-trump-para-explicar-paradoja-de-aranceles-al-acero-y-aluminio\/\" target=\"_blank\" rel=\"noreferrer noopener\"><\/a><\/p>\n\n\n\n<p>Fue a trav\u00e9s de la secci\u00f3n\u00a0<em>Detector de Mentiras<\/em>donde\u00a0<strong>Miguel Elorza V\u00e1squez<\/strong>, quien funge como coordinador de INFODEMIA destac\u00f3 desde\u00a0<em>La Ma\u00f1anera del Pueblo\u00a0<\/em>que la mandataria estatal no tuvo ninguna injerencia ya que todo corresponde al actuar del Congreso local.\u00a0<\/p>\n\n\n\n<blockquote class=\"wp-block-quote is-layout-flow wp-block-quote-is-layout-flow\">\n<p>\u201cEl exfiscal Uriel Carmona no fue destituido por la gobernadora Margarita Gonz\u00e1lez, sino por el congreso de Morelos que determin\u00f3, con base en el art\u00edculo 74 fracci\u00f3n II de la Ley Org\u00e1nica de la Fiscal\u00eda que, para ocupar el cargo de fiscal general, no se debe estar sujeto a proceso penal y Carmona Gandara enfrenta m\u00faltiples procesos penales\u201d, se dijo en la conferencia de prensa matutina.<\/p>\n<\/blockquote>\n\n\n\n<p>Fuente: <a href=\"https:\/\/www.infobae.com\/mexico\/2025\/02\/12\/gobierno-de-mexico-desmiente-que-uriel-carmona-haya-sido-destituido-por-venganza-de-margarita-gonzalez\/\">Infobae<\/a><\/p>\n\n\n\n<p><\/p>\n\n\n\n<p><\/p>\n\n\n\n<p><\/p>\n","protected":false},"excerpt":{"rendered":"<p>Luego de que se confirmara la destituci\u00f3n de\u00a0Uriel Carmona G\u00e1ndara\u00a0como titular de la\u00a0Fiscal\u00eda General de Justicia del Estado de Morelos, el Gobierno de M\u00e9xico encabezado por la presidenta\u00a0Claudia Sheinbaum Pardo\u00a0aclar\u00f3 que este acto no corresponde a una venganza por parte de la gobernadora\u00a0Margarita Gonz\u00e1lez Saravia.\u00a0 Fue a trav\u00e9s de la secci\u00f3n\u00a0Detector de Mentirasdonde\u00a0Miguel Elorza V\u00e1squez, [&hellip;]<\/p>\n","protected":false},"author":35,"featured_media":145641,"comment_status":"open","ping_status":"open","sticky":false,"template":"","format":"standard","meta":{"_monsterinsights_skip_tracking":false,"_monsterinsights_sitenote_active":false,"_monsterinsights_sitenote_note":"","_monsterinsights_sitenote_category":0,"footnotes":""},"categories":[158],"tags":[5683,26669],"class_list":["post-172951","post","type-post","status-publish","format-standard","has-post-thumbnail","hentry","category-politica","tag-gobierno-de-mexico","tag-uriel-carmona","wp-image-borders"],"amp_enabled":true,"_links":{"self":[{"href":"https:\/\/nvnoticias.mx\/index.php\/wp-json\/wp\/v2\/posts\/172951","targetHints":{"allow":["GET"]}}],"collection":[{"href":"https:\/\/nvnoticias.mx\/index.php\/wp-json\/wp\/v2\/posts"}],"about":[{"href":"https:\/\/nvnoticias.mx\/index.php\/wp-json\/wp\/v2\/types\/post"}],"author":[{"embeddable":true,"href":"https:\/\/nvnoticias.mx\/index.php\/wp-json\/wp\/v2\/users\/35"}],"replies":[{"embeddable":true,"href":"https:\/\/nvnoticias.mx\/index.php\/wp-json\/wp\/v2\/comments?post=172951"}],"version-history":[{"count":4,"href":"https:\/\/nvnoticias.mx\/index.php\/wp-json\/wp\/v2\/posts\/172951\/revisions"}],"predecessor-version":[{"id":172955,"href":"https:\/\/nvnoticias.mx\/index.php\/wp-json\/wp\/v2\/posts\/172951\/revisions\/172955"}],"wp:featuredmedia":[{"embeddable":true,"href":"https:\/\/nvnoticias.mx\/index.php\/wp-json\/wp\/v2\/media\/145641"}],"wp:attachment":[{"href":"https:\/\/nvnoticias.mx\/index.php\/wp-json\/wp\/v2\/media?parent=172951"}],"wp:term":[{"taxonomy":"category","embeddable":true,"href":"https:\/\/nvnoticias.mx\/index.php\/wp-json\/wp\/v2\/categories?post=172951"},{"taxonomy":"post_tag","embeddable":true,"href":"https:\/\/nvnoticias.mx\/index.php\/wp-json\/wp\/v2\/tags?post=172951"}],"curies":[{"name":"wp","href":"https:\/\/api.w.org\/{rel}","templated":true}]}}