{"id":172910,"date":"2025-02-12T09:53:38","date_gmt":"2025-02-12T15:53:38","guid":{"rendered":"https:\/\/nvnoticias.mx\/?p=172910"},"modified":"2025-02-12T09:53:40","modified_gmt":"2025-02-12T15:53:40","slug":"importante-que-senadores-aprueben-reforma-a-ley-del-infonavit-sheinbaum","status":"publish","type":"post","link":"https:\/\/nvnoticias.mx\/index.php\/2025\/02\/12\/importante-que-senadores-aprueben-reforma-a-ley-del-infonavit-sheinbaum\/","title":{"rendered":"Importante, que senadores aprueben reforma a ley del Infonavit: Sheinbaum"},"content":{"rendered":"\n<p>La presidenta Claudia Shienbaum Pardo urgi\u00f3 que el Senado apruebe la reforma a la Ley del Infonavit con las modificaciones hechas en la C\u00e1mara de Diputados.<\/p>\n\n\n\n<blockquote class=\"wp-block-quote is-layout-flow wp-block-quote-is-layout-flow\">\n<p>\u201cEs muy importante que este organismo tenga su nueva estructura y posibilidad de hacer vivienda, y que los dos millones de deudores puedan ver sus beneficios\u201d, afirm\u00f3.<\/p>\n<\/blockquote>\n\n\n\n<p>Despu\u00e9s de que el coordinador de los senadores de Morena, Ad\u00e1n Augusto L\u00f3pez, recibi\u00f3 en privado a representantes de la Canacintra, de la Concamin y a los l\u00edderes de la Confederaci\u00f3n Revolucionaria de Obreros y Campesinos (CROC) y del Sindicato Nacional de Telefonistas de la Rep\u00fablica Mexicana (SNTRM), entre otros, quienes pidieron realizar ajustes al proyecto, la mandataria record\u00f3 que ya se aprobaron las modificaciones en la C\u00e1mara de Diputados.<\/p>\n\n\n\n<p>La reforma se discute hoy en comisiones del Senado.\u00a0<br><\/p>\n\n\n\n<p>Fuente: La <a href=\"https:\/\/www.jornada.com.mx\/noticia\/2025\/02\/12\/politica\/senado-debe-aprobar-la-reforma-a-ley-del-infonavit-sheinbaum-8834\">Jornada<\/a> <\/p>\n\n\n\n<p><\/p>\n","protected":false},"excerpt":{"rendered":"<p>La presidenta Claudia Shienbaum Pardo urgi\u00f3 que el Senado apruebe la reforma a la Ley del Infonavit con las modificaciones hechas en la C\u00e1mara de Diputados. \u201cEs muy importante que este organismo tenga su nueva estructura y posibilidad de hacer vivienda, y que los dos millones de deudores puedan ver sus beneficios\u201d, afirm\u00f3. Despu\u00e9s de [&hellip;]<\/p>\n","protected":false},"author":35,"featured_media":172906,"comment_status":"open","ping_status":"open","sticky":false,"template":"","format":"standard","meta":{"_monsterinsights_skip_tracking":false,"_monsterinsights_sitenote_active":false,"_monsterinsights_sitenote_note":"","_monsterinsights_sitenote_category":0,"footnotes":""},"categories":[158],"tags":[2801,303,162,777],"class_list":["post-172910","post","type-post","status-publish","format-standard","has-post-thumbnail","hentry","category-politica","tag-claudia-sheinbaum","tag-infonavit","tag-portada","tag-senadores","wp-image-borders"],"amp_enabled":true,"_links":{"self":[{"href":"https:\/\/nvnoticias.mx\/index.php\/wp-json\/wp\/v2\/posts\/172910","targetHints":{"allow":["GET"]}}],"collection":[{"href":"https:\/\/nvnoticias.mx\/index.php\/wp-json\/wp\/v2\/posts"}],"about":[{"href":"https:\/\/nvnoticias.mx\/index.php\/wp-json\/wp\/v2\/types\/post"}],"author":[{"embeddable":true,"href":"https:\/\/nvnoticias.mx\/index.php\/wp-json\/wp\/v2\/users\/35"}],"replies":[{"embeddable":true,"href":"https:\/\/nvnoticias.mx\/index.php\/wp-json\/wp\/v2\/comments?post=172910"}],"version-history":[{"count":3,"href":"https:\/\/nvnoticias.mx\/index.php\/wp-json\/wp\/v2\/posts\/172910\/revisions"}],"predecessor-version":[{"id":172913,"href":"https:\/\/nvnoticias.mx\/index.php\/wp-json\/wp\/v2\/posts\/172910\/revisions\/172913"}],"wp:featuredmedia":[{"embeddable":true,"href":"https:\/\/nvnoticias.mx\/index.php\/wp-json\/wp\/v2\/media\/172906"}],"wp:attachment":[{"href":"https:\/\/nvnoticias.mx\/index.php\/wp-json\/wp\/v2\/media?parent=172910"}],"wp:term":[{"taxonomy":"category","embeddable":true,"href":"https:\/\/nvnoticias.mx\/index.php\/wp-json\/wp\/v2\/categories?post=172910"},{"taxonomy":"post_tag","embeddable":true,"href":"https:\/\/nvnoticias.mx\/index.php\/wp-json\/wp\/v2\/tags?post=172910"}],"curies":[{"name":"wp","href":"https:\/\/api.w.org\/{rel}","templated":true}]}}