{"id":172845,"date":"2025-02-11T11:53:28","date_gmt":"2025-02-11T17:53:28","guid":{"rendered":"https:\/\/nvnoticias.mx\/?p=172845"},"modified":"2025-02-11T11:53:29","modified_gmt":"2025-02-11T17:53:29","slug":"selena-gomez-reaparece-y-habla-del-impacto-de-los-tuits-ofensivos-de-karla-sofia-gascon","status":"publish","type":"post","link":"https:\/\/nvnoticias.mx\/index.php\/2025\/02\/11\/selena-gomez-reaparece-y-habla-del-impacto-de-los-tuits-ofensivos-de-karla-sofia-gascon\/","title":{"rendered":"Selena Gomez reaparece y habla del impacto de los tuits ofensivos de Karla Sof\u00eda Gasc\u00f3n"},"content":{"rendered":"\n<p><strong>\u201cParte de la magia desapareci\u00f3\u201d<\/strong>.<strong>\u00a0<\/strong>Seis palabras le bastaron a\u00a0<strong>Selena Gomez<\/strong>\u00a0para encapsular su des\u00e1nimo, y el que expresa el elenco del narcomusical\u00a0<em><strong>Emilia P\u00e9rez<\/strong><\/em>, a unas semanas de los\u00a0<strong>premios Oscar<\/strong>, donde el filme de\u00a0<strong>Jacques Audiard<\/strong>\u00a0suma\u00a0<strong>13 nominaciones<\/strong>. <br><\/p>\n\n\n\n<p>La actriz tuvo una participaci\u00f3n en el\u00a0<strong>Festival Internacional de Cine de Santa B\u00e1rbara<\/strong>, donde se refiri\u00f3 a la controversia que deton\u00f3 su compa\u00f1era, la espa\u00f1ola\u00a0<strong>Karla Sof\u00eda Gasc\u00f3n<\/strong>, tras la divulgaci\u00f3n de mensajes de odio, racistas e islamof\u00f3bicos escritos hace muchos a\u00f1os en la red social X.<\/p>\n\n\n\n<p>Gomez fue un da\u00f1o colateral en la investigaci\u00f3n de la periodista musulmana&nbsp;<strong>Sarah Hagi<\/strong>, quien indag\u00f3 en el perfil de X de Karla Sof\u00eda Gasc\u00f3n y abri\u00f3 una caja de pandora que deriv\u00f3 en la cancelaci\u00f3n digital de la actriz, y el veto de Hollywood en la v\u00edspera de los premios Oscar.<\/p>\n\n\n\n<p>En una antigua publicaci\u00f3n, Gasc\u00f3n se refiri\u00f3 despectivamente a su compa\u00f1era de elenco, a quien defini\u00f3 como \u201crata rica\u201d. Hace una semana, en entrevista para\u00a0<em>CNN<\/em>, la espa\u00f1ola neg\u00f3 haber escrito dicho tuit y se dijo v\u00edctima de una campa\u00f1a para demeritar su trabajo,\u00a0<strong>\u201cle escrib\u00ed, le mand\u00e9 el post y le dije \u2018oye, que sepas que esto no es m\u00edo\u2019. Me respondi\u00f3 \u2018sabes que estoy contigo\u2019\u201d<\/strong>, se\u00f1al\u00f3 la actriz, quien subray\u00f3 que no hab\u00eda un distanciamiento con G\u00f3mez.<\/p>\n\n\n\n<p>Durante una charla frente a la audiencia, Selena Gomez, quien se hab\u00eda mantenido al margen de la controversia, reflexion\u00f3 sobre c\u00f3mo ha vivido este proceso. La actriz estadounidense sonri\u00f3 cuando, sutilmente, el moderador le pregunt\u00f3 \u201c\u00bfc\u00f3mo est\u00e1s ahora mismo?\u201d<\/p>\n\n\n\n<blockquote class=\"wp-block-quote is-layout-flow wp-block-quote-is-layout-flow\">\n<p>\u201cEstoy muy bien&#8230; Parte de la magia ha desaparecido, pero elijo seguir estando orgullosa de lo que he hecho y estoy agradecida. Vivo sin arrepentimientos. Har\u00eda esta pel\u00edcula una y otra vez si pudiera\u201d.<\/p>\n<\/blockquote>\n\n\n\n<p>Contrario a Jacques Audiard y la actriz Zoe Salda\u00f1a, quienes se desmarcaron de Karla Sof\u00eda Gasc\u00f3n, Selena Gomez deja abierta la posibilidad a reconstruir su relaci\u00f3n con la actriz espa\u00f1ola, quien fue excluida por Netflix de todos los eventos previos a los Oscar.<\/p>\n\n\n\n<p>D\u00edas antes, en entrevista para la revista&nbsp;<em>Variety<\/em>, Zoe Salda\u00f1a se dijo decepcionada de Karla Sof\u00eda Gasc\u00f3n.&nbsp;<strong>\u201cNo apoyo ninguna ret\u00f3rica negativa de racismo o intolerancia hacia ning\u00fan grupo de personas. Eso es lo que quiero defender\u201d.<\/strong><\/p>\n\n\n\n<p><\/p>\n","protected":false},"excerpt":{"rendered":"<p>\u201cParte de la magia desapareci\u00f3\u201d.\u00a0Seis palabras le bastaron a\u00a0Selena Gomez\u00a0para encapsular su des\u00e1nimo, y el que expresa el elenco del narcomusical\u00a0Emilia P\u00e9rez, a unas semanas de los\u00a0premios Oscar, donde el filme de\u00a0Jacques Audiard\u00a0suma\u00a013 nominaciones. La actriz tuvo una participaci\u00f3n en el\u00a0Festival Internacional de Cine de Santa B\u00e1rbara, donde se refiri\u00f3 a la controversia que deton\u00f3 [&hellip;]<\/p>\n","protected":false},"author":35,"featured_media":172849,"comment_status":"open","ping_status":"open","sticky":false,"template":"","format":"standard","meta":{"_monsterinsights_skip_tracking":false,"_monsterinsights_sitenote_active":false,"_monsterinsights_sitenote_note":"","_monsterinsights_sitenote_category":0,"footnotes":""},"categories":[576],"tags":[30067,31368,126],"class_list":["post-172845","post","type-post","status-publish","format-standard","has-post-thumbnail","hentry","category-ocio","tag-emilia-perez","tag-karla-sofia-gascon","tag-selena-gomez","wp-image-borders"],"amp_enabled":true,"_links":{"self":[{"href":"https:\/\/nvnoticias.mx\/index.php\/wp-json\/wp\/v2\/posts\/172845","targetHints":{"allow":["GET"]}}],"collection":[{"href":"https:\/\/nvnoticias.mx\/index.php\/wp-json\/wp\/v2\/posts"}],"about":[{"href":"https:\/\/nvnoticias.mx\/index.php\/wp-json\/wp\/v2\/types\/post"}],"author":[{"embeddable":true,"href":"https:\/\/nvnoticias.mx\/index.php\/wp-json\/wp\/v2\/users\/35"}],"replies":[{"embeddable":true,"href":"https:\/\/nvnoticias.mx\/index.php\/wp-json\/wp\/v2\/comments?post=172845"}],"version-history":[{"count":4,"href":"https:\/\/nvnoticias.mx\/index.php\/wp-json\/wp\/v2\/posts\/172845\/revisions"}],"predecessor-version":[{"id":172850,"href":"https:\/\/nvnoticias.mx\/index.php\/wp-json\/wp\/v2\/posts\/172845\/revisions\/172850"}],"wp:featuredmedia":[{"embeddable":true,"href":"https:\/\/nvnoticias.mx\/index.php\/wp-json\/wp\/v2\/media\/172849"}],"wp:attachment":[{"href":"https:\/\/nvnoticias.mx\/index.php\/wp-json\/wp\/v2\/media?parent=172845"}],"wp:term":[{"taxonomy":"category","embeddable":true,"href":"https:\/\/nvnoticias.mx\/index.php\/wp-json\/wp\/v2\/categories?post=172845"},{"taxonomy":"post_tag","embeddable":true,"href":"https:\/\/nvnoticias.mx\/index.php\/wp-json\/wp\/v2\/tags?post=172845"}],"curies":[{"name":"wp","href":"https:\/\/api.w.org\/{rel}","templated":true}]}}